{"id":9646,"date":"2024-07-12T00:50:53","date_gmt":"2024-07-12T00:50:53","guid":{"rendered":"https:\/\/entrenotasyacordes.com\/?p=9646"},"modified":"2024-07-12T00:50:55","modified_gmt":"2024-07-12T00:50:55","slug":"patricia-lint-estrena-lo-sientes-una-nueva-cancion-de-reggaeton-con-tintes-rb","status":"publish","type":"post","link":"https:\/\/entrenotasyacordes.com\/?p=9646","title":{"rendered":"Patricia Lint estrena\u00a0&#8216;lo sientes?????&#8217;, una nueva canci\u00f3n de reggaeton con\u00a0tintes\u00a0R&amp;B"},"content":{"rendered":"\n<!--more-->\n\n\n<div class=\"wp-block-image\">\n<figure class=\"aligncenter size-full is-resized\"><img loading=\"lazy\" decoding=\"async\" width=\"2560\" height=\"2560\" src=\"https:\/\/entrenotasyacordes.com\/wp-content\/uploads\/2024\/07\/7g-scaled.jpg\" alt=\"\" class=\"wp-image-9647\" style=\"width:607px;height:auto\" srcset=\"https:\/\/entrenotasyacordes.com\/wp-content\/uploads\/2024\/07\/7g-scaled.jpg 2560w, https:\/\/entrenotasyacordes.com\/wp-content\/uploads\/2024\/07\/7g-300x300.jpg 300w, https:\/\/entrenotasyacordes.com\/wp-content\/uploads\/2024\/07\/7g-1024x1024.jpg 1024w, https:\/\/entrenotasyacordes.com\/wp-content\/uploads\/2024\/07\/7g-150x150.jpg 150w, https:\/\/entrenotasyacordes.com\/wp-content\/uploads\/2024\/07\/7g-768x768.jpg 768w, https:\/\/entrenotasyacordes.com\/wp-content\/uploads\/2024\/07\/7g-1536x1536.jpg 1536w, https:\/\/entrenotasyacordes.com\/wp-content\/uploads\/2024\/07\/7g-2048x2048.jpg 2048w, https:\/\/entrenotasyacordes.com\/wp-content\/uploads\/2024\/07\/7g-50x50.jpg 50w\" sizes=\"auto, (max-width: 2560px) 100vw, 2560px\" \/><\/figure>\n<\/div>\n\n\n<p><strong>Patricia Lint<\/strong>&nbsp;lanza&nbsp;<strong>&#8216;<a href=\"https:\/\/alternativasonora.us13.list-manage.com\/track\/click?u=43b03a52f88dd81d61f7cf4b6&amp;id=8af4d49cc1&amp;e=f6fdcc9aba\" target=\"_blank\" rel=\"noreferrer noopener\">lo sientes?????<\/a>&#8216;<\/strong>, un nuevo single tras el estreno de su primer EP&nbsp;<a href=\"https:\/\/alternativasonora.us13.list-manage.com\/track\/click?u=43b03a52f88dd81d61f7cf4b6&amp;id=07013a2d36&amp;e=f6fdcc9aba\" target=\"_blank\" rel=\"noreferrer noopener\">&#8216;tal como imagin\u00e9&#8217;<\/a>, que marca su trayectoria profesional junto a sus lanzamiento anteriores: &#8216;<a href=\"https:\/\/alternativasonora.us13.list-manage.com\/track\/click?u=43b03a52f88dd81d61f7cf4b6&amp;id=518b4dc31a&amp;e=f6fdcc9aba\" target=\"_blank\" rel=\"noreferrer noopener\">yadaigual&#8217;<\/a>,&nbsp;<a href=\"https:\/\/alternativasonora.us13.list-manage.com\/track\/click?u=43b03a52f88dd81d61f7cf4b6&amp;id=60126aab37&amp;e=f6fdcc9aba\" target=\"_blank\" rel=\"noreferrer noopener\">&#8216;3&#215;4&#8217;<\/a>,<a href=\"https:\/\/alternativasonora.us13.list-manage.com\/track\/click?u=43b03a52f88dd81d61f7cf4b6&amp;id=dff5814d88&amp;e=f6fdcc9aba\" target=\"_blank\" rel=\"noreferrer noopener\">&nbsp;&#8216;cierro los ojos&#8217;<\/a>,&nbsp;<a href=\"https:\/\/alternativasonora.us13.list-manage.com\/track\/click?u=43b03a52f88dd81d61f7cf4b6&amp;id=f9cd6e0491&amp;e=f6fdcc9aba\" target=\"_blank\" rel=\"noreferrer noopener\">&#8216;No Puede Ser&#8217;<\/a>&nbsp;o<a href=\"https:\/\/alternativasonora.us13.list-manage.com\/track\/click?u=43b03a52f88dd81d61f7cf4b6&amp;id=52fd319e4a&amp;e=f6fdcc9aba\" target=\"_blank\" rel=\"noreferrer noopener\">&nbsp;&#8216;Celos&#8217;<\/a>.&nbsp;<\/p>\n\n\n\n<p><strong>&#8216;lo sientes?????&#8217;<\/strong>&nbsp;se une a su lanzamiento&nbsp;<a href=\"https:\/\/alternativasonora.us13.list-manage.com\/track\/click?u=43b03a52f88dd81d61f7cf4b6&amp;id=520fcc43d0&amp;e=f6fdcc9aba\" target=\"_blank\" rel=\"noreferrer noopener\">&#8216;kMo si naDa&#8217;<\/a>&nbsp;y&nbsp;<a href=\"https:\/\/alternativasonora.us13.list-manage.com\/track\/click?u=43b03a52f88dd81d61f7cf4b6&amp;id=7909a28492&amp;e=f6fdcc9aba\" target=\"_blank\" rel=\"noreferrer noopener\">&#8216;sola si me miras&#8217;<\/a>, como otro de los temas que marcan su nueva era. Una vez m\u00e1s con&nbsp;<strong>Manu Oliva en la producci\u00f3n<\/strong>, y en esta ocasi\u00f3n tambi\u00e9n acompa\u00f1ada de&nbsp;<strong>TREIS<\/strong>, Patricia Lint nos regala otra de sus canciones m\u00e1s sinceras.&nbsp;<\/p>\n\n\n\n<p>Con este nuevo tema, Patricia Lint te har\u00e1 bailar, a la vez que reflexiona sobre dar una nueva oportunidad al amor tras una ruptura dif\u00edcil. En este tema, la artista fusiona<strong>&nbsp;sonidos ambientales con un ritmo de reggaeton y unas melod\u00edas de R&amp;B,<\/strong>&nbsp;que ya forman parte de la identidad de la artista en esta nueva era.<\/p>\n\n\n\n<p>Con la producci\u00f3n de Manu Oliva y TREIS,&nbsp;<strong>Patricia Lint<\/strong>&nbsp;vuelve a abrirse en canal para marcar un punto y aparte que le lleva a un nuevo comienzo, al empezar a creer en el amor cuando no lo ve\u00eda una posibilidad tras malas experiencias del pasado. La artista le pregunta a la persona a la que le canta, \u201d<strong>\u00bfLo sientes?\u201d<\/strong>, como una forma de asegurarse de que es real la intensidad de los sentimientos que est\u00e1n dando la bienvenida a una nueva etapa de su vida.&nbsp;<\/p>\n\n\n\n<p><strong>El sencillo ya est\u00e1 disponible en todas las plataformas de streaming, incluyendo&nbsp;<a href=\"https:\/\/alternativasonora.us13.list-manage.com\/track\/click?u=43b03a52f88dd81d61f7cf4b6&amp;id=4b7ad02e55&amp;e=f6fdcc9aba\" target=\"_blank\" rel=\"noreferrer noopener\">Spotify<\/a>,&nbsp;<a href=\"https:\/\/alternativasonora.us13.list-manage.com\/track\/click?u=43b03a52f88dd81d61f7cf4b6&amp;id=5f84ebcd7d&amp;e=f6fdcc9aba\" target=\"_blank\" rel=\"noreferrer noopener\">Apple Music<\/a>&nbsp;y&nbsp;<a href=\"https:\/\/alternativasonora.us13.list-manage.com\/track\/click?u=43b03a52f88dd81d61f7cf4b6&amp;id=b793b9f4df&amp;e=f6fdcc9aba\" target=\"_blank\" rel=\"noreferrer noopener\">YouTube<\/a><\/strong><a href=\"https:\/\/alternativasonora.us13.list-manage.com\/track\/click?u=43b03a52f88dd81d61f7cf4b6&amp;id=997ef0d36c&amp;e=f6fdcc9aba\" target=\"_blank\" rel=\"noreferrer noopener\">.<\/a><\/p>\n\n\n\n<p>Por si esto fuera poco, Patricia Lint acaba de actuar,&nbsp;<strong>este 9 de julio en La Riviera de Madrid como telonera del grupo internacional Nothing But Thieves<\/strong>, quienes cuentan con una larga gira internacional y 5 millones de reproducciones. Aun as\u00ed, habr\u00e1 m\u00e1s oportunidades de ver a la artista sobre el escenario, ya que&nbsp;<strong>este s\u00e1bado 13 de julio actuar\u00e1 en el Mad Cool,&nbsp;<\/strong>tras ganar el Mad Cool Talent 2024. La artista comparte cartel con artistas como Avril Lavigne y The Killers.&nbsp;<\/p>\n\n\n\n<p>Sin duda, este ser\u00e1 el a\u00f1o de Patricia Lint. Adem\u00e1s de haberse ganado la oportunidad de formar parte del Mad Cool de este 2024, la artista se encuentra trabajando en nueva m\u00fasica, de la que podremos disfrutar sobre el escenario del mencionado festival. Empezando por &#8216;sola si me miras&#8217; y &#8216;kMo si naDa&#8217;, los \u00faltimos temas que ha sacado a la luz y que acabaron por conquistar tanto al p\u00fablico como al jurado.&nbsp;<\/p>\n\n\n<div class=\"wp-block-image\">\n<figure class=\"aligncenter size-full\"><img loading=\"lazy\" decoding=\"async\" width=\"1080\" height=\"1080\" src=\"https:\/\/entrenotasyacordes.com\/wp-content\/uploads\/2024\/07\/7gg.png\" alt=\"\" class=\"wp-image-9648\" srcset=\"https:\/\/entrenotasyacordes.com\/wp-content\/uploads\/2024\/07\/7gg.png 1080w, https:\/\/entrenotasyacordes.com\/wp-content\/uploads\/2024\/07\/7gg-300x300.png 300w, https:\/\/entrenotasyacordes.com\/wp-content\/uploads\/2024\/07\/7gg-1024x1024.png 1024w, https:\/\/entrenotasyacordes.com\/wp-content\/uploads\/2024\/07\/7gg-150x150.png 150w, https:\/\/entrenotasyacordes.com\/wp-content\/uploads\/2024\/07\/7gg-768x768.png 768w, https:\/\/entrenotasyacordes.com\/wp-content\/uploads\/2024\/07\/7gg-50x50.png 50w\" sizes=\"auto, (max-width: 1080px) 100vw, 1080px\" \/><\/figure>\n<\/div>\n\n\n<p><strong>Patricia Lint&nbsp;<\/strong>es una cantante, compositora y productora asentada en Madrid que, con un padre peruano y una madre canaria, se cri\u00f3 con una multitud de influencias culturales. Al cumplir los 18 Patricia se fue a Reino Unido para comenzar su carrera musical, lo que sent\u00f3 las bases de su sonido.<\/p>\n\n\n\n<p>Sus influencias musicales se combinan para crear un sonido que se transforma en&nbsp;<strong>R&amp;B contempor\u00e1neo<\/strong>, fusion\u00e1ndose con&nbsp;<strong>lo-fi&nbsp;<\/strong>y pinceladas de&nbsp;<strong>m\u00fasica urbana<\/strong>, dejando espacio a la composici\u00f3n tanto en ingl\u00e9s como en espa\u00f1ol. Estos se puede ver reflejado en sus temas<strong>&nbsp;\u2018No Puede Ser\u2019, \u2018S\u00e9 Que\u2019, \u2018Celos\u2019, \u20183\u00d74\u2019<\/strong>&nbsp;o<strong>&nbsp;\u2018yadaigual\u2019<\/strong>, en los que supera hasta las 20.000 reproducciones.&nbsp;<\/p>\n\n\n\n<p>Ahora de nuevo asentada en la capital, la artista de 23 a\u00f1os sigue creciendo y buscando inspiraci\u00f3n para hacer nueva m\u00fasica y hacerla llegar. Y es que su desarrollo art\u00edstico no ha hecho m\u00e1s que empezar, lo que demostrar\u00e1 pr\u00f3ximamente con nuevos lanzamientos que dar\u00e1n que hablar.<\/p>\n\n\n\n<p>Para m\u00e1s informaci\u00f3n sobre Patricia Lint visita la&nbsp;<a href=\"https:\/\/alternativasonora.us13.list-manage.com\/track\/click?u=43b03a52f88dd81d61f7cf4b6&amp;id=c66cd941f5&amp;e=f6fdcc9aba\" target=\"_blank\" rel=\"noreferrer noopener\">p\u00e1gina web<\/a>.<\/p>\n","protected":false},"excerpt":{"rendered":"","protected":false},"author":5,"featured_media":9647,"comment_status":"open","ping_status":"open","sticky":false,"template":"","format":"standard","meta":{"om_disable_all_campaigns":false,"_uf_show_specific_survey":0,"_uf_disable_surveys":false,"footnotes":""},"categories":[4],"tags":[],"class_list":["post-9646","post","type-post","status-publish","format-standard","has-post-thumbnail","hentry","category-musica"],"_links":{"self":[{"href":"https:\/\/entrenotasyacordes.com\/index.php?rest_route=\/wp\/v2\/posts\/9646","targetHints":{"allow":["GET"]}}],"collection":[{"href":"https:\/\/entrenotasyacordes.com\/index.php?rest_route=\/wp\/v2\/posts"}],"about":[{"href":"https:\/\/entrenotasyacordes.com\/index.php?rest_route=\/wp\/v2\/types\/post"}],"author":[{"embeddable":true,"href":"https:\/\/entrenotasyacordes.com\/index.php?rest_route=\/wp\/v2\/users\/5"}],"replies":[{"embeddable":true,"href":"https:\/\/entrenotasyacordes.com\/index.php?rest_route=%2Fwp%2Fv2%2Fcomments&post=9646"}],"version-history":[{"count":1,"href":"https:\/\/entrenotasyacordes.com\/index.php?rest_route=\/wp\/v2\/posts\/9646\/revisions"}],"predecessor-version":[{"id":9649,"href":"https:\/\/entrenotasyacordes.com\/index.php?rest_route=\/wp\/v2\/posts\/9646\/revisions\/9649"}],"wp:featuredmedia":[{"embeddable":true,"href":"https:\/\/entrenotasyacordes.com\/index.php?rest_route=\/wp\/v2\/media\/9647"}],"wp:attachment":[{"href":"https:\/\/entrenotasyacordes.com\/index.php?rest_route=%2Fwp%2Fv2%2Fmedia&parent=9646"}],"wp:term":[{"taxonomy":"category","embeddable":true,"href":"https:\/\/entrenotasyacordes.com\/index.php?rest_route=%2Fwp%2Fv2%2Fcategories&post=9646"},{"taxonomy":"post_tag","embeddable":true,"href":"https:\/\/entrenotasyacordes.com\/index.php?rest_route=%2Fwp%2Fv2%2Ftags&post=9646"}],"curies":[{"name":"wp","href":"https:\/\/api.w.org\/{rel}","templated":true}]}}