{"id":9650,"date":"2024-07-12T00:56:32","date_gmt":"2024-07-12T00:56:32","guid":{"rendered":"https:\/\/entrenotasyacordes.com\/?p=9650"},"modified":"2024-07-12T00:56:33","modified_gmt":"2024-07-12T00:56:33","slug":"los-palmeras-nueva-fecha-en-el-movistar-arena%f0%9f%94%a5%f0%9f%8c%a1%ef%b8%8f","status":"publish","type":"post","link":"https:\/\/entrenotasyacordes.com\/?p=9650","title":{"rendered":"LOS PALMERAS: NUEVA FECHA EN EL MOVISTAR ARENA\ud83d\udd25\ud83c\udf21\ufe0f"},"content":{"rendered":"\n<p><strong>\u00a1POR ENTRADAS AGOTADAS NUEVA FECHA!<\/strong><\/p>\n\n\n\n<!--more-->\n\n\n\n<p><strong>LA M\u00cdTICA BANDA VUELVE UNA VEZ M\u00c1S AL MOVISTAR ARENA PARA CELEBRAR 51 A\u00d1OS DE CL\u00c1SICOS<\/strong><\/p>\n\n\n\n<p><strong>\u00a1EL 13 DE SEPTIEMBRE SOLD OUT!<\/strong><\/p>\n\n\n<div class=\"wp-block-image\">\n<figure class=\"aligncenter size-full is-resized\"><img loading=\"lazy\" decoding=\"async\" width=\"2000\" height=\"2000\" src=\"https:\/\/entrenotasyacordes.com\/wp-content\/uploads\/2024\/07\/7h.jpg\" alt=\"\" class=\"wp-image-9651\" style=\"width:835px;height:auto\" srcset=\"https:\/\/entrenotasyacordes.com\/wp-content\/uploads\/2024\/07\/7h.jpg 2000w, https:\/\/entrenotasyacordes.com\/wp-content\/uploads\/2024\/07\/7h-300x300.jpg 300w, https:\/\/entrenotasyacordes.com\/wp-content\/uploads\/2024\/07\/7h-1024x1024.jpg 1024w, https:\/\/entrenotasyacordes.com\/wp-content\/uploads\/2024\/07\/7h-150x150.jpg 150w, https:\/\/entrenotasyacordes.com\/wp-content\/uploads\/2024\/07\/7h-768x768.jpg 768w, https:\/\/entrenotasyacordes.com\/wp-content\/uploads\/2024\/07\/7h-1536x1536.jpg 1536w, https:\/\/entrenotasyacordes.com\/wp-content\/uploads\/2024\/07\/7h-50x50.jpg 50w\" sizes=\"auto, (max-width: 2000px) 100vw, 2000px\" \/><\/figure>\n<\/div>\n\n\n<p>El emblem\u00e1tico grupo de cumbia santafesina no se detienen tras d\u00e9cadas de \u00e9xito logrando el sue\u00f1o americano, rompiendo marcas y abriendo mercados impensados. &nbsp;<\/p>\n\n\n\n<p>Despu\u00e9s de un exitoso tour por Estados Unidos y ser homenajeados por el Consulado General y Centro de Promoci\u00f3n de la Rep\u00fablica Argentina en Nueva York York, Los Palmeras siguen celebrando sus m\u00e1s de 50 a\u00f1os en la industria, con una fecha<strong>\u00a0sold out<\/strong>\u00a0en el\u00a0<strong>Movistar Arena el 13 de septiembre y por pedido del p\u00fablico suman nueva fecha, el 4 de octubre.<\/strong><\/p>\n\n\n\n<p><strong>M\u00c1S SOBRE LOS PALMERAS<\/strong><\/p>\n\n\n\n<p>Los Palmeras fue fundada a fines de 1972 y hacia fines de 1975 grabaron su primer disco. En su larga trayectoria de m\u00e1s de cinco d\u00e9cadas recibieron numerosos galardones, reconocimientos y Discos de Oro. Actualmente, la banda est\u00e1 integrada por Camino Marcos M\u00e1ximo; Deicas Rub\u00e9n H\u00e9ctor \u201cCacho\u201d; Medina Silvio Guillermo; Enrique Ezequiel Ernesto; Grenon Dari\u00e9n Jorge; Salinas Jos\u00e9 Luis Martinez; Gustavo Horacio y Lopez Pablo David.<\/p>\n","protected":false},"excerpt":{"rendered":"<p>\u00a1POR ENTRADAS AGOTADAS NUEVA FECHA!<\/p>\n","protected":false},"author":5,"featured_media":9651,"comment_status":"open","ping_status":"open","sticky":false,"template":"","format":"standard","meta":{"om_disable_all_campaigns":false,"_uf_show_specific_survey":0,"_uf_disable_surveys":false,"footnotes":""},"categories":[4],"tags":[],"class_list":["post-9650","post","type-post","status-publish","format-standard","has-post-thumbnail","hentry","category-musica"],"_links":{"self":[{"href":"https:\/\/entrenotasyacordes.com\/index.php?rest_route=\/wp\/v2\/posts\/9650","targetHints":{"allow":["GET"]}}],"collection":[{"href":"https:\/\/entrenotasyacordes.com\/index.php?rest_route=\/wp\/v2\/posts"}],"about":[{"href":"https:\/\/entrenotasyacordes.com\/index.php?rest_route=\/wp\/v2\/types\/post"}],"author":[{"embeddable":true,"href":"https:\/\/entrenotasyacordes.com\/index.php?rest_route=\/wp\/v2\/users\/5"}],"replies":[{"embeddable":true,"href":"https:\/\/entrenotasyacordes.com\/index.php?rest_route=%2Fwp%2Fv2%2Fcomments&post=9650"}],"version-history":[{"count":1,"href":"https:\/\/entrenotasyacordes.com\/index.php?rest_route=\/wp\/v2\/posts\/9650\/revisions"}],"predecessor-version":[{"id":9652,"href":"https:\/\/entrenotasyacordes.com\/index.php?rest_route=\/wp\/v2\/posts\/9650\/revisions\/9652"}],"wp:featuredmedia":[{"embeddable":true,"href":"https:\/\/entrenotasyacordes.com\/index.php?rest_route=\/wp\/v2\/media\/9651"}],"wp:attachment":[{"href":"https:\/\/entrenotasyacordes.com\/index.php?rest_route=%2Fwp%2Fv2%2Fmedia&parent=9650"}],"wp:term":[{"taxonomy":"category","embeddable":true,"href":"https:\/\/entrenotasyacordes.com\/index.php?rest_route=%2Fwp%2Fv2%2Fcategories&post=9650"},{"taxonomy":"post_tag","embeddable":true,"href":"https:\/\/entrenotasyacordes.com\/index.php?rest_route=%2Fwp%2Fv2%2Ftags&post=9650"}],"curies":[{"name":"wp","href":"https:\/\/api.w.org\/{rel}","templated":true}]}}