{"id":9653,"date":"2024-07-12T01:00:26","date_gmt":"2024-07-12T01:00:26","guid":{"rendered":"https:\/\/entrenotasyacordes.com\/?p=9653"},"modified":"2024-07-12T01:00:28","modified_gmt":"2024-07-12T01:00:28","slug":"the-exploited-en-argentina-la-ultima-gira","status":"publish","type":"post","link":"https:\/\/entrenotasyacordes.com\/?p=9653","title":{"rendered":"THE EXPLOITED en ARGENTINA . LA \u00daLTIMA GIRA ."},"content":{"rendered":"\n<!--more-->\n\n\n<div class=\"wp-block-image\">\n<figure class=\"aligncenter size-full is-resized\"><img loading=\"lazy\" decoding=\"async\" width=\"1500\" height=\"1500\" src=\"https:\/\/entrenotasyacordes.com\/wp-content\/uploads\/2024\/07\/7i.jpg\" alt=\"\" class=\"wp-image-9654\" style=\"width:607px;height:auto\" srcset=\"https:\/\/entrenotasyacordes.com\/wp-content\/uploads\/2024\/07\/7i.jpg 1500w, https:\/\/entrenotasyacordes.com\/wp-content\/uploads\/2024\/07\/7i-300x300.jpg 300w, https:\/\/entrenotasyacordes.com\/wp-content\/uploads\/2024\/07\/7i-1024x1024.jpg 1024w, https:\/\/entrenotasyacordes.com\/wp-content\/uploads\/2024\/07\/7i-150x150.jpg 150w, https:\/\/entrenotasyacordes.com\/wp-content\/uploads\/2024\/07\/7i-768x768.jpg 768w, https:\/\/entrenotasyacordes.com\/wp-content\/uploads\/2024\/07\/7i-50x50.jpg 50w\" sizes=\"auto, (max-width: 1500px) 100vw, 1500px\" \/><\/figure>\n<\/div>\n\n\n<p class=\"has-text-align-center\"><strong>S\u00c1BADO 3 DE MAYO 2025 .<br>THE EXPLOITED en ARGENTINA\u00a0<br>LA \u00daLTIMA GIRA .\u00a0<\/strong><\/p>\n\n\n\n<p class=\"has-text-align-center\">19 hs en<strong>\u00a0GROOVE\u00a0<\/strong>, Av. Santa Fe 4389 \u00a0(Palermo, Buenos Aires)<br><strong>Entradas a la venta<\/strong>\u00a0por sistema\u00a0<a href=\"https:\/\/www.tuentrada.com\/eventos\/detalle\/GROOVE\/327286174137\" target=\"_blank\" rel=\"noreferrer noopener\">www.tuentrada.com<\/a>\u00a0\u00a0y desde los pr\u00f3ximos dias en\u00a0 Locuras (Moron), La Estaka (Quilmes) , Almac\u00e9n Mala Difusion (CABA)\u00a0<\/p>\n\n\n<div class=\"wp-block-image\">\n<figure class=\"aligncenter size-full\"><img loading=\"lazy\" decoding=\"async\" width=\"740\" height=\"500\" src=\"https:\/\/entrenotasyacordes.com\/wp-content\/uploads\/2024\/07\/7ii.jpg\" alt=\"\" class=\"wp-image-9655\" srcset=\"https:\/\/entrenotasyacordes.com\/wp-content\/uploads\/2024\/07\/7ii.jpg 740w, https:\/\/entrenotasyacordes.com\/wp-content\/uploads\/2024\/07\/7ii-300x203.jpg 300w\" sizes=\"auto, (max-width: 740px) 100vw, 740px\" \/><\/figure>\n<\/div>\n\n\n<p>La banda escocesa se despide de los escenarios, luego de casi 45 a\u00f1os de actividad,&nbsp;y lo hace con una gran gira mundial que llega a Buenos Aires el &nbsp;Sabado 3 de Mayo de 2025 en Groove para un \u00fanico concierto despedida. &nbsp;<\/p>\n\n\n\n<p>Liderados por el incansable Wattie Buchan , The Exploited es una de las bandas punks m\u00e1s influyentes de todos los tiempos y su lazo con el p\u00fablico argentino siempre se ha mantenido fuerte desde su primera visita en marzo de 1993 en el m\u00edtico local Cemento.<\/p>\n","protected":false},"excerpt":{"rendered":"","protected":false},"author":5,"featured_media":9654,"comment_status":"open","ping_status":"open","sticky":false,"template":"","format":"standard","meta":{"om_disable_all_campaigns":false,"_uf_show_specific_survey":0,"_uf_disable_surveys":false,"footnotes":""},"categories":[4],"tags":[],"class_list":["post-9653","post","type-post","status-publish","format-standard","has-post-thumbnail","hentry","category-musica"],"_links":{"self":[{"href":"https:\/\/entrenotasyacordes.com\/index.php?rest_route=\/wp\/v2\/posts\/9653","targetHints":{"allow":["GET"]}}],"collection":[{"href":"https:\/\/entrenotasyacordes.com\/index.php?rest_route=\/wp\/v2\/posts"}],"about":[{"href":"https:\/\/entrenotasyacordes.com\/index.php?rest_route=\/wp\/v2\/types\/post"}],"author":[{"embeddable":true,"href":"https:\/\/entrenotasyacordes.com\/index.php?rest_route=\/wp\/v2\/users\/5"}],"replies":[{"embeddable":true,"href":"https:\/\/entrenotasyacordes.com\/index.php?rest_route=%2Fwp%2Fv2%2Fcomments&post=9653"}],"version-history":[{"count":1,"href":"https:\/\/entrenotasyacordes.com\/index.php?rest_route=\/wp\/v2\/posts\/9653\/revisions"}],"predecessor-version":[{"id":9656,"href":"https:\/\/entrenotasyacordes.com\/index.php?rest_route=\/wp\/v2\/posts\/9653\/revisions\/9656"}],"wp:featuredmedia":[{"embeddable":true,"href":"https:\/\/entrenotasyacordes.com\/index.php?rest_route=\/wp\/v2\/media\/9654"}],"wp:attachment":[{"href":"https:\/\/entrenotasyacordes.com\/index.php?rest_route=%2Fwp%2Fv2%2Fmedia&parent=9653"}],"wp:term":[{"taxonomy":"category","embeddable":true,"href":"https:\/\/entrenotasyacordes.com\/index.php?rest_route=%2Fwp%2Fv2%2Fcategories&post=9653"},{"taxonomy":"post_tag","embeddable":true,"href":"https:\/\/entrenotasyacordes.com\/index.php?rest_route=%2Fwp%2Fv2%2Ftags&post=9653"}],"curies":[{"name":"wp","href":"https:\/\/api.w.org\/{rel}","templated":true}]}}