{"id":9657,"date":"2024-07-12T01:04:27","date_gmt":"2024-07-12T01:04:27","guid":{"rendered":"https:\/\/entrenotasyacordes.com\/?p=9657"},"modified":"2024-07-12T01:04:29","modified_gmt":"2024-07-12T01:04:29","slug":"uah-la-evolucion-musical-y-personal-de-alma-zarza","status":"publish","type":"post","link":"https:\/\/entrenotasyacordes.com\/?p=9657","title":{"rendered":"\u201cUAH\u201d: la evoluci\u00f3n musical (y personal) de Alma Zarza"},"content":{"rendered":"\n<!--more-->\n\n\n<div class=\"wp-block-image\">\n<figure class=\"aligncenter size-full is-resized\"><img loading=\"lazy\" decoding=\"async\" width=\"1100\" height=\"1100\" src=\"https:\/\/entrenotasyacordes.com\/wp-content\/uploads\/2024\/07\/7j.jpg\" alt=\"\" class=\"wp-image-9658\" style=\"width:835px;height:auto\" srcset=\"https:\/\/entrenotasyacordes.com\/wp-content\/uploads\/2024\/07\/7j.jpg 1100w, https:\/\/entrenotasyacordes.com\/wp-content\/uploads\/2024\/07\/7j-300x300.jpg 300w, https:\/\/entrenotasyacordes.com\/wp-content\/uploads\/2024\/07\/7j-1024x1024.jpg 1024w, https:\/\/entrenotasyacordes.com\/wp-content\/uploads\/2024\/07\/7j-150x150.jpg 150w, https:\/\/entrenotasyacordes.com\/wp-content\/uploads\/2024\/07\/7j-768x768.jpg 768w, https:\/\/entrenotasyacordes.com\/wp-content\/uploads\/2024\/07\/7j-50x50.jpg 50w\" sizes=\"auto, (max-width: 1100px) 100vw, 1100px\" \/><\/figure>\n<\/div>\n\n\n<p><em>A pesar de su corta edad, Alma es una artista que desborda creatividad en cada nuevo sencillo, y el mejor ejemplo es \u201cUAH\u201d, donde mezcla ritmos urbanos y latinos con elementos del dance europeo para crear un himno dedicado al primer amor.<\/em><\/p>\n\n\n\n<p>La mete\u00f3rica carrera de Alma Zarza da un nuevo paso hacia la consolidaci\u00f3n total gracias a \u201cUAH\u201d, donde la joven int\u00e9rprete argentina da muestras de una grata evoluci\u00f3n art\u00edstica, dada su capacidad para mezclar distintos g\u00e9neros hasta crear un nuevo sonido, al tiempo que la letra contempla nuevas emociones en su universo creativo.<\/p>\n\n\n\n<p>Al respecto, Alma nos platica: \u201ces una canci\u00f3n basada en mis sentimientos, pues habla del chico que me gusta. Esas emociones, junto a mi equipo, fueron transformadas en un&nbsp;<em>beat&nbsp;<\/em>muy din\u00e1mico, donde fui dando mi opini\u00f3n respecto a algunos sonidos y la estructura de la canci\u00f3n. Al inicio tiene tintes de m\u00fasica brasile\u00f1a, pues la base es un funk carioca, el cual se transforma en un&nbsp;<em>dance&nbsp;<\/em>al estilo europeo. Al final agregamos algunas reminiscencias de K-Pop, lo cual fue muy divertido. Es mi canci\u00f3n favorita hasta el momento\u201d.<\/p>\n\n\n\n<p>Rescatando la cuesti\u00f3n emocional de \u201cUAH\u201d, la joven cantante nos confiesa: \u201cme encanta compartir con la gente las cosas que me pasan, momentos importantes de mi vida a trav\u00e9s de la m\u00fasica, pues busco que se identifiquen con las experiencias que yo vivo, con el fin de crear una comunidad incre\u00edble con mi p\u00fablico\u201d.<\/p>\n\n\n\n<p>\u201cUAH\u201d tambi\u00e9n cuenta con un video muy especial, donde \u201cpracticamos much\u00edsimo la coreograf\u00eda para que saliera perfecta: estuvimos cerca de un mes montando todo. Fue un reto absoluto, porque yo estaba lejos del grupo de bailarines, as\u00ed que muchas cosas se hicieron a distancia\u201d, relata una emocionada Alma.<\/p>\n\n\n\n<p>Y contin\u00faa: \u201cla acci\u00f3n ocurre en una casa grand\u00edsima, a trav\u00e9s de varios&nbsp;<em>sets<\/em>. En un primer escenario, aparezco interpretando la canci\u00f3n. Despu\u00e9s hay una escena donde veo al actor que hace del chico que me gusta, con el cual cruzo miradas y hay un coqueteo inocente. Finalmente, hago la coreograf\u00eda acompa\u00f1ada por mis bailarines, en una gran fiesta a la cual todos est\u00e1n invitados\u201d.<\/p>\n\n\n\n<p>Para concluir, Alma dice de \u201cUAH\u201d: \u201cdigo que es mi canci\u00f3n favorita porque con ella puedo moverme a otros lados: no quiero ser una artista que se queda en un mismo g\u00e9nero, pues me encanta probar nuevos estilos, nuevas cosas y ver cu\u00e1nto de eso le gusta a la gente, que son las personas m\u00e1s importantes para m\u00ed, as\u00ed que espero que se identifiquen con la canci\u00f3n, que la disfruten y que les sirva para ver que el amor es uno de los sentimientos m\u00e1s bellos que hay\u201d.<\/p>\n\n\n\n<p>As\u00ed que ya lo sabes: t\u00fa tambi\u00e9n enam\u00f3rate de la m\u00fasica de Alma Zarza con \u201cUAH\u201d, ya disponible en todas las plataformas digitales.<\/p>\n\n\n\n<figure class=\"wp-block-embed is-type-video is-provider-youtube wp-block-embed-youtube wp-embed-aspect-16-9 wp-has-aspect-ratio\"><div class=\"wp-block-embed__wrapper\">\n<div class=\"epyt-video-wrapper\"><iframe loading=\"lazy\"  id=\"_ytid_47150\"  width=\"640\" height=\"360\"  data-origwidth=\"640\" data-origheight=\"360\" src=\"https:\/\/www.youtube.com\/embed\/6IX_M89qVhY?enablejsapi=1&#038;autoplay=0&#038;cc_load_policy=0&#038;cc_lang_pref=&#038;iv_load_policy=1&#038;loop=0&#038;rel=1&#038;fs=1&#038;playsinline=0&#038;autohide=2&#038;theme=dark&#038;color=white&#038;controls=1&#038;\" class=\"__youtube_prefs__  epyt-is-override  no-lazyload\" data-vol=\"50\"  title=\"YouTube player\"  allow=\"fullscreen; accelerometer; autoplay; clipboard-write; encrypted-media; gyroscope; picture-in-picture; web-share\" referrerpolicy=\"strict-origin-when-cross-origin\" allowfullscreen data-no-lazy=\"1\" data-skipgform_ajax_framebjll=\"\"><\/iframe><\/div>\n<\/div><\/figure>\n","protected":false},"excerpt":{"rendered":"","protected":false},"author":5,"featured_media":9658,"comment_status":"open","ping_status":"open","sticky":false,"template":"","format":"standard","meta":{"om_disable_all_campaigns":false,"_uf_show_specific_survey":0,"_uf_disable_surveys":false,"footnotes":""},"categories":[4],"tags":[],"class_list":["post-9657","post","type-post","status-publish","format-standard","has-post-thumbnail","hentry","category-musica"],"_links":{"self":[{"href":"https:\/\/entrenotasyacordes.com\/index.php?rest_route=\/wp\/v2\/posts\/9657","targetHints":{"allow":["GET"]}}],"collection":[{"href":"https:\/\/entrenotasyacordes.com\/index.php?rest_route=\/wp\/v2\/posts"}],"about":[{"href":"https:\/\/entrenotasyacordes.com\/index.php?rest_route=\/wp\/v2\/types\/post"}],"author":[{"embeddable":true,"href":"https:\/\/entrenotasyacordes.com\/index.php?rest_route=\/wp\/v2\/users\/5"}],"replies":[{"embeddable":true,"href":"https:\/\/entrenotasyacordes.com\/index.php?rest_route=%2Fwp%2Fv2%2Fcomments&post=9657"}],"version-history":[{"count":1,"href":"https:\/\/entrenotasyacordes.com\/index.php?rest_route=\/wp\/v2\/posts\/9657\/revisions"}],"predecessor-version":[{"id":9659,"href":"https:\/\/entrenotasyacordes.com\/index.php?rest_route=\/wp\/v2\/posts\/9657\/revisions\/9659"}],"wp:featuredmedia":[{"embeddable":true,"href":"https:\/\/entrenotasyacordes.com\/index.php?rest_route=\/wp\/v2\/media\/9658"}],"wp:attachment":[{"href":"https:\/\/entrenotasyacordes.com\/index.php?rest_route=%2Fwp%2Fv2%2Fmedia&parent=9657"}],"wp:term":[{"taxonomy":"category","embeddable":true,"href":"https:\/\/entrenotasyacordes.com\/index.php?rest_route=%2Fwp%2Fv2%2Fcategories&post=9657"},{"taxonomy":"post_tag","embeddable":true,"href":"https:\/\/entrenotasyacordes.com\/index.php?rest_route=%2Fwp%2Fv2%2Ftags&post=9657"}],"curies":[{"name":"wp","href":"https:\/\/api.w.org\/{rel}","templated":true}]}}