{"id":9709,"date":"2024-07-13T13:02:22","date_gmt":"2024-07-13T13:02:22","guid":{"rendered":"https:\/\/entrenotasyacordes.com\/?p=9709"},"modified":"2024-07-13T13:02:23","modified_gmt":"2024-07-13T13:02:23","slug":"nuevo-single-judeline-la-artista-espanola-vuelve-al-pop-de-origen-con-inri","status":"publish","type":"post","link":"https:\/\/entrenotasyacordes.com\/?p=9709","title":{"rendered":"NUEVO SINGLE | JUDELINE, la artista espa\u00f1ola vuelve al pop de origen con \u00abINRI\u00bb"},"content":{"rendered":"\n<!--more-->\n\n\n\n<p>Tras su debut en Lollapalooza Argentina, JUDELINE, la distintiva artista espa\u00f1ola que est\u00e1 conquistando las audiencias internacionales con su caracter\u00edstica personalidad, anuncia el lanzamiento de \u201cINRI\u201d con un videoclip co-producido por Partizan &amp; Blur bajo la direcci\u00f3n de Nono &amp; Rodrigo<\/p>\n\n\n<div class=\"wp-block-image\">\n<figure class=\"aligncenter size-full is-resized\"><img loading=\"lazy\" decoding=\"async\" width=\"541\" height=\"543\" src=\"https:\/\/entrenotasyacordes.com\/wp-content\/uploads\/2024\/07\/11d.jpeg\" alt=\"\" class=\"wp-image-9710\" style=\"width:607px;height:auto\" srcset=\"https:\/\/entrenotasyacordes.com\/wp-content\/uploads\/2024\/07\/11d.jpeg 541w, https:\/\/entrenotasyacordes.com\/wp-content\/uploads\/2024\/07\/11d-300x300.jpeg 300w, https:\/\/entrenotasyacordes.com\/wp-content\/uploads\/2024\/07\/11d-150x150.jpeg 150w, https:\/\/entrenotasyacordes.com\/wp-content\/uploads\/2024\/07\/11d-50x50.jpeg 50w\" sizes=\"auto, (max-width: 541px) 100vw, 541px\" \/><\/figure>\n<\/div>\n\n\n<p><strong>Judeline&nbsp;<\/strong>contin\u00faa marcando pauta en la escena musical internacional con el lanzamiento de &#8216;<strong>INRI<\/strong>&#8216;, el esperado segundo adelanto de su \u00e1lbum debut. Con una trayectoria ascendente que ha captado la atenci\u00f3n tanto dentro como fuera de Espa\u00f1a, esta joven artista gaditana se consolida como una&nbsp;<strong>figura destacada de la nueva generaci\u00f3n.<\/strong><\/p>\n\n\n\n<p>Luego de su presentaci\u00f3n en Lollapalooza Argentina y desde su debut con \u00e9xitos como &#8216;<a href=\"https:\/\/instagramc.tr.pemsv30.net\/c\/eyJhIjoiaW5zdGFncmFtYyIsIm0iOiJtYWlsX2NseWl2aW5ucWswMHUwODQ1cTNiZTVxMG8iLCJsIjoibGlua19mNmRlYjFlZTJjYTMyYzg3ZTM4ZDc2Y2FlOWQ0ZTYyNDVhYjc3NTk5XzVjYzY5ZiIsImkiOltdLCJ1IjoiaHR0cHM6Ly95b3V0dS5iZS9TU1loVUdzU185cz9mZWF0dXJlPXNoYXJlZCZ1dG1fc291cmNlPXBlcmZpdCZ1dG1fbWVkaXVtPWVtYWlsJnV0bV9jYW1wYWlnbj1KVURFTElORSUyMCU3QyUyMElOUkkiLCJjIjoiIiwiaCI6ImU4YzAyMiJ9\" target=\"_blank\" rel=\"noreferrer noopener\">CANIJO<\/a>&#8216; y &#8216;<a href=\"https:\/\/instagramc.tr.pemsv30.net\/c\/eyJhIjoiaW5zdGFncmFtYyIsIm0iOiJtYWlsX2NseWl2aW5ucWswMHUwODQ1cTNiZTVxMG8iLCJsIjoibGlua18zZDIzMDIwZTQxY2JhOWIyNWJmMzJmZjU0ZjM0YzZjZWJlNzRkM2Q5XzQzODU4MSIsImkiOltdLCJ1IjoiaHR0cHM6Ly95b3V0dS5iZS81dG9iSWZSd0ZvZz9mZWF0dXJlPXNoYXJlZCZ1dG1fc291cmNlPXBlcmZpdCZ1dG1fbWVkaXVtPWVtYWlsJnV0bV9jYW1wYWlnbj1KVURFTElORSUyMCU3QyUyMElOUkkiLCJjIjoiIiwiaCI6IjMzMWU0NiJ9\" target=\"_blank\" rel=\"noreferrer noopener\">Zahara<\/a>&#8216;, Judeline ha explorado un territorio sonoro \u00fanico, fusionando elementos del pop alternativo con influencias del folklore andaluz y toques de vanguardia. Su colaboraci\u00f3n con figuras internacionales y nacionales, como\u00a0<a href=\"https:\/\/instagramc.tr.pemsv30.net\/c\/eyJhIjoiaW5zdGFncmFtYyIsIm0iOiJtYWlsX2NseWl2aW5ucWswMHUwODQ1cTNiZTVxMG8iLCJsIjoibGlua181OWNiNTM0YjhjNDU0YmRlNWFjYmFkYTZhOTQ0OTQ4OTRlNTgxNDI5XzA1NTJhZCIsImkiOltdLCJ1IjoiaHR0cHM6Ly93d3cuaW5zdGFncmFtLmNvbS90YWlueS8_dXRtX3NvdXJjZT1wZXJmaXQmdXRtX21lZGl1bT1lbWFpbCZ1dG1fY2FtcGFpZ249SlVERUxJTkUlMjAlN0MlMjBJTlJJIiwiYyI6IiIsImgiOiJiNzg2MjIifQ\" target=\"_blank\" rel=\"noreferrer noopener\">Tainy\u00a0<\/a>y\u00a0<a href=\"https:\/\/instagramc.tr.pemsv30.net\/c\/eyJhIjoiaW5zdGFncmFtYyIsIm0iOiJtYWlsX2NseWl2aW5ucWswMHUwODQ1cTNiZTVxMG8iLCJsIjoibGlua18wNWVlMDIxYjg3NDgzZjFmY2M3MmYxNzAyOWEyODYwODIwMzdmZjk5X2M1ZjlhZSIsImkiOltdLCJ1IjoiaHR0cHM6Ly93d3cuaW5zdGFncmFtLmNvbS9kZWxsYWZ1ZW50ZS8_dXRtX3NvdXJjZT1wZXJmaXQmdXRtX21lZGl1bT1lbWFpbCZ1dG1fY2FtcGFpZ249SlVERUxJTkUlMjAlN0MlMjBJTlJJIiwiYyI6IiIsImgiOiJhNzY2OTkifQ\" target=\"_blank\" rel=\"noreferrer noopener\">DELLAFUENTE<\/a>, as\u00ed como su participaci\u00f3n en la gira europea de\u00a0<a href=\"https:\/\/instagramc.tr.pemsv30.net\/c\/eyJhIjoiaW5zdGFncmFtYyIsIm0iOiJtYWlsX2NseWl2aW5ucWswMHUwODQ1cTNiZTVxMG8iLCJsIjoibGlua181OWQxZjE4MTAwYzUwMjUwNjAzNTMwNjgyZjBhZGFiMTJkNTA4NzgwXzI0YWEzNCIsImkiOltdLCJ1IjoiaHR0cHM6Ly93d3cuaW5zdGFncmFtLmNvbS9qYmFsdmluLz91dG1fc291cmNlPXBlcmZpdCZ1dG1fbWVkaXVtPWVtYWlsJnV0bV9jYW1wYWlnbj1KVURFTElORSUyMCU3QyUyMElOUkkiLCJjIjoiIiwiaCI6IjBkYTIwNiJ9\" target=\"_blank\" rel=\"noreferrer noopener\">J Balvin<\/a>, subrayan su relevancia global.<\/p>\n\n\n\n<p>&#8216;<a target=\"_blank\" href=\"https:\/\/instagramc.tr.pemsv30.net\/c\/eyJhIjoiaW5zdGFncmFtYyIsIm0iOiJtYWlsX2NseWl2aW5ucWswMHUwODQ1cTNiZTVxMG8iLCJsIjoibGlua181MTliOWRkNjZjODM0ZGMwMTY5NTAxZDI5N2Y5MWJjZTE2M2QyZTVjXzlmZDA2NSIsImkiOltdLCJ1IjoiaHR0cHM6Ly95b3V0dS5iZS83Z0Y3Q0hYQllDcz9mZWF0dXJlPXNoYXJlZCZ1dG1fc291cmNlPXBlcmZpdCZ1dG1fbWVkaXVtPWVtYWlsJnV0bV9jYW1wYWlnbj1KVURFTElORSUyMCU3QyUyMElOUkkiLCJjIjoiIiwiaCI6Ijk4ZmNmMSJ9\" rel=\"noreferrer noopener\">INRI<\/a>&#8216; no solo contin\u00faa la narrativa musical y visual de su predecesor &#8216;mangata&#8217;, sino que eleva a\u00fan m\u00e1s el list\u00f3n con una producci\u00f3n que destaca por su frescura y sofisticaci\u00f3n. El videoclip, co-producido por&nbsp;<strong>Partizan &amp; Blur<\/strong>&nbsp;bajo la direcci\u00f3n de&nbsp;<strong>Nono &amp; Rodrigo<\/strong>, complementa perfectamente la riqueza sonora de la canci\u00f3n.<\/p>\n\n\n\n<p>Con la producci\u00f3n de\u00a0<a href=\"https:\/\/instagramc.tr.pemsv30.net\/c\/eyJhIjoiaW5zdGFncmFtYyIsIm0iOiJtYWlsX2NseWl2aW5ucWswMHUwODQ1cTNiZTVxMG8iLCJsIjoibGlua182M2NlZGVmMzgxYjZmMzM0ZmYzODQzMWQxZmFhZGNlZGVjYTM5NTJhXzFmZjNkZCIsImkiOltdLCJ1IjoiaHR0cHM6Ly93d3cuaW5zdGFncmFtLmNvbS9fdHVpc3RlLz91dG1fc291cmNlPXBlcmZpdCZ1dG1fbWVkaXVtPWVtYWlsJnV0bV9jYW1wYWlnbj1KVURFTElORSUyMCU3QyUyMElOUkkiLCJjIjoiIiwiaCI6Ijc2YmQ1MCJ9\" target=\"_blank\" rel=\"noreferrer noopener\">Tuiste\u00a0<\/a>y\u00a0<a href=\"https:\/\/instagramc.tr.pemsv30.net\/c\/eyJhIjoiaW5zdGFncmFtYyIsIm0iOiJtYWlsX2NseWl2aW5ucWswMHUwODQ1cTNiZTVxMG8iLCJsIjoibGlua19kNmY5ZDZmMjA5YzZlYjU1OTRjMzJmZGQzZjlhMGViYmJjZTQzYzk1X2NjOWEzYiIsImkiOltdLCJ1IjoiaHR0cHM6Ly93d3cuaW5zdGFncmFtLmNvbS9tYXlvbW9qby8_dXRtX3NvdXJjZT1wZXJmaXQmdXRtX21lZGl1bT1lbWFpbCZ1dG1fY2FtcGFpZ249SlVERUxJTkUlMjAlN0MlMjBJTlJJIiwiYyI6IiIsImgiOiI2NGM2NTAifQ\" target=\"_blank\" rel=\"noreferrer noopener\">Mayo<\/a>, colaboradores habituales de Judeline, y la adici\u00f3n de Browni junto a la producci\u00f3n ejecutiva de Rob Bisel, ganador de un Grammy, &#8216;<a href=\"https:\/\/instagramc.tr.pemsv30.net\/c\/eyJhIjoiaW5zdGFncmFtYyIsIm0iOiJtYWlsX2NseWl2aW5ucWswMHUwODQ1cTNiZTVxMG8iLCJsIjoibGlua181MTliOWRkNjZjODM0ZGMwMTY5NTAxZDI5N2Y5MWJjZTE2M2QyZTVjXzk3YjQ1MCIsImkiOltdLCJ1IjoiaHR0cHM6Ly95b3V0dS5iZS83Z0Y3Q0hYQllDcz9mZWF0dXJlPXNoYXJlZCZ1dG1fc291cmNlPXBlcmZpdCZ1dG1fbWVkaXVtPWVtYWlsJnV0bV9jYW1wYWlnbj1KVURFTElORSUyMCU3QyUyMElOUkkiLCJjIjoiIiwiaCI6ImVhMDViYiJ9\" target=\"_blank\" rel=\"noreferrer noopener\">INRI<\/a>&#8216; emerge como una de las piezas m\u00e1s intrigantes del panorama musical espa\u00f1ol este a\u00f1o. La canci\u00f3n no solo incorpora elementos del pop urbano de vanguardia, sino que tambi\u00e9n\u00a0<strong>explora influencias afro y referencias del mundo \u00e1rabe<\/strong>, ofreciendo una perspectiva \u00fanica sobre el amor en el siglo XXI, donde la espiritualidad juega un rol crucial.<\/p>\n\n\n\n<p>Con &#8216;<strong>INRI<\/strong>&#8216;, Judeline reafirma su posici\u00f3n como una artista vers\u00e1til y visionaria, lista para dejar su marca en la m\u00fasica contempor\u00e1nea. Su \u00e1lbum debut promete consolidar su estatus como una de las estrellas emergentes m\u00e1s emocionantes y prometedoras tanto a nivel nacional como internacional.<\/p>\n","protected":false},"excerpt":{"rendered":"","protected":false},"author":5,"featured_media":9711,"comment_status":"open","ping_status":"open","sticky":false,"template":"","format":"standard","meta":{"om_disable_all_campaigns":false,"_uf_show_specific_survey":0,"_uf_disable_surveys":false,"footnotes":""},"categories":[4],"tags":[],"class_list":["post-9709","post","type-post","status-publish","format-standard","has-post-thumbnail","hentry","category-musica"],"_links":{"self":[{"href":"https:\/\/entrenotasyacordes.com\/index.php?rest_route=\/wp\/v2\/posts\/9709","targetHints":{"allow":["GET"]}}],"collection":[{"href":"https:\/\/entrenotasyacordes.com\/index.php?rest_route=\/wp\/v2\/posts"}],"about":[{"href":"https:\/\/entrenotasyacordes.com\/index.php?rest_route=\/wp\/v2\/types\/post"}],"author":[{"embeddable":true,"href":"https:\/\/entrenotasyacordes.com\/index.php?rest_route=\/wp\/v2\/users\/5"}],"replies":[{"embeddable":true,"href":"https:\/\/entrenotasyacordes.com\/index.php?rest_route=%2Fwp%2Fv2%2Fcomments&post=9709"}],"version-history":[{"count":1,"href":"https:\/\/entrenotasyacordes.com\/index.php?rest_route=\/wp\/v2\/posts\/9709\/revisions"}],"predecessor-version":[{"id":9712,"href":"https:\/\/entrenotasyacordes.com\/index.php?rest_route=\/wp\/v2\/posts\/9709\/revisions\/9712"}],"wp:featuredmedia":[{"embeddable":true,"href":"https:\/\/entrenotasyacordes.com\/index.php?rest_route=\/wp\/v2\/media\/9711"}],"wp:attachment":[{"href":"https:\/\/entrenotasyacordes.com\/index.php?rest_route=%2Fwp%2Fv2%2Fmedia&parent=9709"}],"wp:term":[{"taxonomy":"category","embeddable":true,"href":"https:\/\/entrenotasyacordes.com\/index.php?rest_route=%2Fwp%2Fv2%2Fcategories&post=9709"},{"taxonomy":"post_tag","embeddable":true,"href":"https:\/\/entrenotasyacordes.com\/index.php?rest_route=%2Fwp%2Fv2%2Ftags&post=9709"}],"curies":[{"name":"wp","href":"https:\/\/api.w.org\/{rel}","templated":true}]}}