{"id":9713,"date":"2024-07-13T13:08:54","date_gmt":"2024-07-13T13:08:54","guid":{"rendered":"https:\/\/entrenotasyacordes.com\/?p=9713"},"modified":"2024-07-13T13:08:55","modified_gmt":"2024-07-13T13:08:55","slug":"nelly-furtado-anuncia-7-su-tan-esperando-nuevo-album-de-estudio-que-se-lanzara-el-20-de-septiembre","status":"publish","type":"post","link":"https:\/\/entrenotasyacordes.com\/?p=9713","title":{"rendered":"NELLY FURTADO ANUNCIA\u00a0\u00a07, SU TAN ESPERANDO NUEVO ALBUM DE ESTUDIO,\u00a0QUE SE LANZAR\u00c1 EL 20 DE SEPTIEMBRE"},"content":{"rendered":"\n<p><strong>SU NUEVO SINGLE \u201cCORAZ\u00d3N\u201d FEAT. BOMBA EST\u00c9REO YA DISPONIBLE<\/strong><\/p>\n\n\n\n<!--more-->\n\n\n<div class=\"wp-block-image\">\n<figure class=\"aligncenter size-full is-resized\"><img loading=\"lazy\" decoding=\"async\" width=\"1500\" height=\"1500\" src=\"https:\/\/entrenotasyacordes.com\/wp-content\/uploads\/2024\/07\/11e.jpg\" alt=\"\" class=\"wp-image-9714\" style=\"width:607px;height:auto\" srcset=\"https:\/\/entrenotasyacordes.com\/wp-content\/uploads\/2024\/07\/11e.jpg 1500w, https:\/\/entrenotasyacordes.com\/wp-content\/uploads\/2024\/07\/11e-300x300.jpg 300w, https:\/\/entrenotasyacordes.com\/wp-content\/uploads\/2024\/07\/11e-1024x1024.jpg 1024w, https:\/\/entrenotasyacordes.com\/wp-content\/uploads\/2024\/07\/11e-150x150.jpg 150w, https:\/\/entrenotasyacordes.com\/wp-content\/uploads\/2024\/07\/11e-768x768.jpg 768w, https:\/\/entrenotasyacordes.com\/wp-content\/uploads\/2024\/07\/11e-50x50.jpg 50w\" sizes=\"auto, (max-width: 1500px) 100vw, 1500px\" \/><\/figure>\n<\/div>\n\n\n<p class=\"has-text-align-center\"><em>\u201cAmo tu m\u00fasica, la he amado desde el comienzo, y amo que te hayas tomado tu tiempo para Volver.&nbsp;Suena como que te conoces a ti misma.&nbsp;<\/em><em>Es un nuevo territorio para ti, pero al mismo tiempo se siente como que es donde perteneces. \u2013&nbsp;<strong>Zane Lowe<\/strong><\/em><\/p>\n\n\n\n<p class=\"has-text-align-center\"><em>\u201cNelly Furtado&nbsp;volvi\u00f3 al estudio, aunque su impacto en la m\u00fasica nunca se fue.\u201d \u2013&nbsp;<strong>PAPER Magazine<\/strong><\/em><em><\/em><\/p>\n\n\n\n<p class=\"has-text-align-center\"><em>\u201cFurtado ha sido, y siempre ser\u00e1, palabra mayor en el pop\u201d \u2013&nbsp;<strong>OUT Magazine<\/strong><\/em><\/p>\n\n\n\n<p class=\"has-text-align-center\"><em>\u201cEl \u00edcono de los 00\u2019s Nelly Furtado ha vuelto, y estamos listos.\u201d \u2013&nbsp;<strong>Wonderland<\/strong><\/em><\/p>\n\n\n\n<p class=\"has-text-align-center\"><em>\u201cLa reina del pop esta lista para reclamar su trono\u201d \u2013\u00a0<strong>CLASH Magazine<\/strong><\/em><\/p>\n\n\n\n<p>La superestrella mundial ganadora del premio GRAMMY\u00a0<strong>Nelly Furtado<\/strong>\u00a0ha anunciado su muy esperado nuevo \u00e1lbum de estudio, 7, que se lanzar\u00e1 el 20 de septiembre a trav\u00e9s de Nelstar\/21 Entertainment\/Universal Music Canada\/Republic Records\/Casablanca Records\/Polydor Records.<\/p>\n\n\n\n<p>Su colecci\u00f3n m\u00e1s inspirada y personal hasta la fecha,&nbsp;<strong>7<\/strong>, es la culminaci\u00f3n de cuatro a\u00f1os de redescubrimiento art\u00edstico. Despu\u00e9s de a\u00f1os de concentrar su energ\u00eda en la maternidad, Furtado sinti\u00f3 la atracci\u00f3n magn\u00e9tica de regresar al estudio. \u201c<em>Empec\u00e9 a salir de nuevo y segu\u00ed escuchando mi m\u00fasica reproducida y remezclada por DJs y, al mismo tiempo, mi hija mayor me mostraba c\u00f3mo la comunidad en l\u00ednea, incluida una audiencia completamente nueva de fan\u00e1ticos de la Generaci\u00f3n Z, estaba descubriendo y adoptando mi m\u00fasica, 20 a\u00f1os despu\u00e9s\u201d,&nbsp;<\/em><strong>comparte Furtado<\/strong><em>. \u201c\u00a1Escuch\u00e9 el llamado!\u201d<\/em><\/p>\n\n\n\n<p>Furtado, una prol\u00edfica compositora y colaboradora, escribi\u00f3 400 canciones y colabor\u00f3\u200b\u200bcon artistas, compositores, m\u00fasicos y productores de todo el mundo durante esos cuatro a\u00f1os.\u00a0<em>\u201c<\/em><em>Volv<\/em><em>\u00ed<\/em><em>\u00a0a encontrar mi voz\u201d,<\/em>\u00a0<strong>reflexiona Furtado<\/strong>. \u201c<em>Llegu\u00e9 al estudio perdida y buscando mi identidad art\u00edstica. Hab\u00eda reflexionado mucho y trabajado mucho durante mis siete a\u00f1os fuera de la m\u00fasica, as\u00ed que tra\u00eda ese crecimiento conmigo al estudio\u201d.<\/em>\u00a0Ella contin\u00faa: \u201c<em>Esta colecci\u00f3n de canciones es muy personal. Refleja mi viaje a trav\u00e9s de la angustia y mi recuperaci\u00f3n de la confianza como artista, hacia la pura alegr\u00eda y celebraci\u00f3n que sientes cuando alimentas tu pasi\u00f3n y eres parte de una comunidad\u201d.<\/em><\/p>\n\n\n\n<p>Su nuevo single estrenado hoy,\u00a0\u00a0<strong>\u201cCoraz\u00f3n\u201d\u00a0feat. Bomba Est\u00e9reo<\/strong>\u00a0fue una de las primeras canciones del \u00e1lbum que Furtado escribi\u00f3. Luego de que un amigo, el artista colombiano canadiense\u00a0<strong>Lido Pimienta<\/strong>\u00a0 le presentara a\u00a0<strong>Liliana Saumet de Bomba Est\u00e9reo<\/strong>, Furtado se subi\u00f3 a un avi\u00f3n para alojarse con ella en Santa Marta, Colombia y comenzar a crear m\u00fasica. Rodeada por el apoyo de las mujeres, Furtado encontr\u00f3 un sentido de comunidad rodeada de artistas que tambi\u00e9n son madres, y se despert\u00f3 su voz art\u00edstica.\u00a0 Fue en Colombia con Liliana donde el esp\u00edritu de \u201cCoraz\u00f3n\u201d naci\u00f3. Con la participacion de la banda nominada a un\u00a0 Grammy\u00a0<strong>Bomba Est\u00e9reo\u00a0<\/strong>y co producida porby\u00a0<strong>Nelly Furtado<\/strong>\u00a0y\u00a0<strong>T-Minus<\/strong>,\u00a0<strong>\u201cCoraz\u00f3n<\/strong>\u201d es una canci\u00f3n pop de celebraci\u00f3n mundial. Su potente mezcla de ganchos vocales \u00fanicos, letra poderosa en ingles y espa\u00f1ol sobre melod\u00edas alt\u00edsimas, ritmos palpitantes y una instrumentaci\u00f3n ecl\u00e9ctica solidifican a \u201cCoraz\u00f3n\u201d en el canon de la innovadora m\u00fasica pop de\u00a0 Furtado que resuena en las audiencias globales.<\/p>\n\n\n\n<p><strong>\u201cCoraz\u00f3n\u201d<\/strong>\u00a0es el Segundo single que se estrena de\u00a0<strong><em>7\u00a0<\/em><\/strong>siguiendo el himno pop de\u00a0 Furtado\u00a0<a href=\"https:\/\/nellyfurtado.lnk.to\/LoveBitesVPR\"><strong>\u201cLove Bites\u201d<\/strong><\/a><strong>\u00a0feat.\u00a0Tove Lo &amp; SG Lewis<\/strong>.\u00a0Lanzado junto a una\u00a0\u00a0<a href=\"https:\/\/music.apple.com\/us\/post\/1747714644\">entrevista con Zane Lowe<\/a>,\u00a0<strong>\u201cLove Bites\u201d\u00a0<\/strong>ha alcanzado mas de 13 millones de\u00a0streams a la fecha, ha recibido criticas a nivel mundial en publicaciones como\u00a0\u00a0<em>Billboard<\/em>,\u00a0<em>Rolling Stone<\/em>,\u00a0<em>PAPER<\/em>,\u00a0<em>Wonderland<\/em>,\u00a0<em>The Line of Best Fit<\/em>,\u00a0<em>Stereogum<\/em>,\u00a0<em>CLASH Magazine<\/em>,\u00a0<em>CBC<\/em>,\u00a0<em>EUPHORIA. Magazine<\/em>, y\u00a0<em>UPROXX<\/em>,y recientemente ha sido remixeada por\u00a0\u00a0<strong>Don Diablo<\/strong>.<\/p>\n\n\n<div class=\"wp-block-image\">\n<figure class=\"aligncenter size-large\"><img loading=\"lazy\" decoding=\"async\" width=\"879\" height=\"1024\" src=\"https:\/\/entrenotasyacordes.com\/wp-content\/uploads\/2024\/07\/11ee-879x1024.jpg\" alt=\"\" class=\"wp-image-9715\" srcset=\"https:\/\/entrenotasyacordes.com\/wp-content\/uploads\/2024\/07\/11ee-879x1024.jpg 879w, https:\/\/entrenotasyacordes.com\/wp-content\/uploads\/2024\/07\/11ee-257x300.jpg 257w, https:\/\/entrenotasyacordes.com\/wp-content\/uploads\/2024\/07\/11ee-768x895.jpg 768w, https:\/\/entrenotasyacordes.com\/wp-content\/uploads\/2024\/07\/11ee-1318x1536.jpg 1318w, https:\/\/entrenotasyacordes.com\/wp-content\/uploads\/2024\/07\/11ee-1024x1193.jpg 1024w, https:\/\/entrenotasyacordes.com\/wp-content\/uploads\/2024\/07\/11ee.jpg 1373w\" sizes=\"auto, (max-width: 879px) 100vw, 879px\" \/><figcaption class=\"wp-element-caption\"><em>Photo Credit: Valentin Herfray<\/em><\/figcaption><\/figure>\n<\/div>\n\n\n<p>En el \u00faltimo a\u00f1o, Nelly Furtado, un \u00edcono sin dudas del pop millennial, ha conectado con una nueva audiencia de fans de la Generaci\u00f3n Z fans que han convertido sus singles en hits multiplatino. Solo en 2023, Furtado ha acumulado mas de 1.5 bill\u00f3n de streams elevando su numero global a mas de\u00a0<strong>20 millones<\/strong>.\u00a0\u00a0 Nelly Furtado recientemente entr\u00f3 al\u00a0<a href=\"https:\/\/x.com\/youtubemusic\/status\/1791212027500786101?s=46\"><strong>YouTube Billion Views Club<\/strong><\/a>\u00a0con el video de su single\u00a0<a href=\"https:\/\/www.youtube.com\/watch?v=6JnGBs88sL0\"><strong>\u201cSay It Right\u201d<\/strong><\/a>\u00a0que alcanz\u00f3 mas de un billon de views. La superestrella canto \u201cSay It Right\u201d junto a muchos de sus ic\u00f3nicos hits en su\u00a0<a href=\"https:\/\/www.youtube.com\/watch?v=y-PLr-BPxKU\"><strong>Tiny Desk Concert\u00a0<\/strong><\/a>\u00a0que inmediatamente se consider\u00f3 una actuaci\u00f3n imperdible en las redes sociales y por\u00a0<em>Billboard<\/em>,\u00a0<em>Buzzfeed<\/em>, y\u00a0<em>Rolling Stone<\/em>. Su set ac\u00fastico, realizado por algunos de los colaboradores mas cercanos de Furtado y contando con la direcci\u00f3n creative de su hija, incluy\u00f3 sus hits ganadores de Premios\u00a0<strong>GRAMMY\u00ae<\/strong>, su\u00a0<strong>rara mezcla remix de la cancion<\/strong>\u00a0de\u00a0<strong>Missy Elliott \u201cGet Ur Freak On\u201d<\/strong>, y su performance debut de\u00a0\u00a0<strong>\u201cLove Bites\u201d<\/strong>.\u00a0Mira el Tiny Desk Concert\u00a0 de Nelly Furtado\u00a0<a href=\"https:\/\/www.youtube.com\/watch?v=y-PLr-BPxKU\"><strong>ACA<\/strong><\/a>.<\/p>\n\n\n\n<p>Mientras su musica es tendencia en redes sociales y es remixeada por Djs alrededor del mundo, Nelly Furtado ha deleitado a su fan base global con shows en vivo &#8211; desde\u00a0<strong>Coachella<\/strong>\u00a0y\u00a0<strong>Mighty Hoopla<\/strong>\u00a0a\u00a0<strong>North Festival<\/strong>\u00a0en Portugal y\u00a0 co-headlining<strong>\u00a0Fan Fest EURO 2024<\/strong>\u00a0junto a\u00a0<strong>Ed Sheeran<\/strong>\u00a0\u2013 miralos cantando juntos\u00a0<strong>\u201cI\u2019m Like A Bird\u201d<\/strong>\u00a0en un jam en el backstage\u00a0<a href=\"https:\/\/www.instagram.com\/p\/C8JtjwLif0g\/\"><strong>ACA<\/strong><\/a>. Furtado continuara su Carrera de shows en vivo en los Estados Unidos, Reino Unido, Mexico, y Europa durante el verano, incluyendo el\u00a0<strong>Isle of MTV Malta<\/strong>\u00a0con\u00a0\u00a0<strong>DJ Snake<\/strong>\u00a0y\u00a0<strong>RAYE<\/strong>,\u00a0<strong>HARD Summer<\/strong>\u00a0en Los Angeles, y mucho mas.\u00a0<\/p>\n","protected":false},"excerpt":{"rendered":"<p>SU NUEVO SINGLE \u201cCORAZ\u00d3N\u201d FEAT. BOMBA EST\u00c9REO YA DISPONIBLE<\/p>\n","protected":false},"author":5,"featured_media":9714,"comment_status":"open","ping_status":"open","sticky":false,"template":"","format":"standard","meta":{"om_disable_all_campaigns":false,"_uf_show_specific_survey":0,"_uf_disable_surveys":false,"footnotes":""},"categories":[4],"tags":[],"class_list":["post-9713","post","type-post","status-publish","format-standard","has-post-thumbnail","hentry","category-musica"],"_links":{"self":[{"href":"https:\/\/entrenotasyacordes.com\/index.php?rest_route=\/wp\/v2\/posts\/9713","targetHints":{"allow":["GET"]}}],"collection":[{"href":"https:\/\/entrenotasyacordes.com\/index.php?rest_route=\/wp\/v2\/posts"}],"about":[{"href":"https:\/\/entrenotasyacordes.com\/index.php?rest_route=\/wp\/v2\/types\/post"}],"author":[{"embeddable":true,"href":"https:\/\/entrenotasyacordes.com\/index.php?rest_route=\/wp\/v2\/users\/5"}],"replies":[{"embeddable":true,"href":"https:\/\/entrenotasyacordes.com\/index.php?rest_route=%2Fwp%2Fv2%2Fcomments&post=9713"}],"version-history":[{"count":1,"href":"https:\/\/entrenotasyacordes.com\/index.php?rest_route=\/wp\/v2\/posts\/9713\/revisions"}],"predecessor-version":[{"id":9716,"href":"https:\/\/entrenotasyacordes.com\/index.php?rest_route=\/wp\/v2\/posts\/9713\/revisions\/9716"}],"wp:featuredmedia":[{"embeddable":true,"href":"https:\/\/entrenotasyacordes.com\/index.php?rest_route=\/wp\/v2\/media\/9714"}],"wp:attachment":[{"href":"https:\/\/entrenotasyacordes.com\/index.php?rest_route=%2Fwp%2Fv2%2Fmedia&parent=9713"}],"wp:term":[{"taxonomy":"category","embeddable":true,"href":"https:\/\/entrenotasyacordes.com\/index.php?rest_route=%2Fwp%2Fv2%2Fcategories&post=9713"},{"taxonomy":"post_tag","embeddable":true,"href":"https:\/\/entrenotasyacordes.com\/index.php?rest_route=%2Fwp%2Fv2%2Ftags&post=9713"}],"curies":[{"name":"wp","href":"https:\/\/api.w.org\/{rel}","templated":true}]}}