{"id":9720,"date":"2024-07-13T13:17:41","date_gmt":"2024-07-13T13:17:41","guid":{"rendered":"https:\/\/entrenotasyacordes.com\/?p=9720"},"modified":"2024-07-13T13:17:43","modified_gmt":"2024-07-13T13:17:43","slug":"lucas-spadafora-debuto-a-sala-llena-con-su-obra-quien-chota-soy","status":"publish","type":"post","link":"https:\/\/entrenotasyacordes.com\/?p=9720","title":{"rendered":"Lucas Spadafora debuto a sala llena con su obra \u00bfQuien Chota soy?"},"content":{"rendered":"\n<!--more-->\n\n\n<div class=\"wp-block-image\">\n<figure class=\"aligncenter size-full is-resized\"><img loading=\"lazy\" decoding=\"async\" width=\"1080\" height=\"707\" src=\"https:\/\/entrenotasyacordes.com\/wp-content\/uploads\/2024\/07\/11g.jpg\" alt=\"\" class=\"wp-image-9721\" style=\"width:607px;height:auto\" srcset=\"https:\/\/entrenotasyacordes.com\/wp-content\/uploads\/2024\/07\/11g.jpg 1080w, https:\/\/entrenotasyacordes.com\/wp-content\/uploads\/2024\/07\/11g-300x196.jpg 300w, https:\/\/entrenotasyacordes.com\/wp-content\/uploads\/2024\/07\/11g-1024x670.jpg 1024w, https:\/\/entrenotasyacordes.com\/wp-content\/uploads\/2024\/07\/11g-768x503.jpg 768w\" sizes=\"auto, (max-width: 1080px) 100vw, 1080px\" \/><\/figure>\n<\/div>\n\n\n<p class=\"has-text-align-center\"><strong>TODOS LOS S\u00c1BADOS DE JULIO- 23.30HS<\/strong><br><strong>SALA PABLO NERUDA- PASEO LA PLAZA<\/strong><\/p>\n\n\n\n<p><strong>\u00a1Gran debut de Lucas Spadafora con su obra \u00ab\u00bfQui\u00e9n Chota Soy?\u00bb!. <\/strong>Este s\u00e1bado pasado, Lucas Spadafora debut\u00f3 a sala llena con su esperada obra teatral \u201c<strong>\u00bfQUI\u00c9N C#O7A SOY?\u201d <\/strong>en la Sala Pablo Neruda del Paseo La Plaza, en la Ciudad Aut\u00f3noma de Buenos Aires. El actor multifac\u00e9tico deslumbr\u00f3 al p\u00fablico con su destreza f\u00edsica y la interpretaci\u00f3n de m\u00faltiples personajes que lo hicieron famoso en sus redes sociales, ahora llevados al escenario para explorar un di\u00e1logo interno adolescente lleno de miedos, sentimientos y deseos.<\/p>\n\n\n\n<p>\u201c<strong>\u00bfQUI\u00c9N C#O7A SOY?\u201d <\/strong>continua <strong>todos los s\u00e1bados de julio a las 23:30 hs en la Sala Pablo Neruda de Paseo La Plaza<\/strong> (Av. Corrientes 1612 Caba). Los invitamos a vivir una experiencia teatral \u00fanica que les har\u00e1 re\u00edr, reflexionar y emocionarte con las vivencias y pensamientos de un adolescente que intenta descubrir qui\u00e9n es realmente.\u00a0<\/p>\n\n\n\n<p><strong>S\u00edntesis Argumental:<\/strong> \u00ab\u00bfQui\u00e9n Chota Soy?\u00bb se adentra en la mente de un adolescente en su \u00faltimo a\u00f1o de secundaria, enfrentando las grandes preguntas existenciales y las presiones de la vida adulta inminente. Acompa\u00f1ado por los personajes que Lucas ha hecho famosos en sus redes sociales, la obra utiliza humor y desopilantes cuadros musicales para reflexionar sobre los dilemas y particularidades que los adolescentes atraviesan hoy en d\u00eda.<\/p>\n\n\n\n<p><strong>Sobre Lucas Spadafora:<\/strong> Lucas comenz\u00f3 su carrera en redes sociales, ganando una gran comunidad de seguidores con sus videos de comedia. Su talento lo llev\u00f3 a la televisi\u00f3n y plataformas de streaming, participando en programas como \u00abCantando 2020\u00bb (El Trece), \u00abAbejas\u00bb (Flow), \u00abGran Premio de la Cocina\u00bb (El Trece), y \u00abL.O.L\u00bb con Susana Gim\u00e9nez (Amazon Prime Video). En teatro, ha trabajado en obras como \u00abRedes\u00bb de Jos\u00e9 Mar\u00eda Muscari, \u00abQuien mejor que vos para re\u00edrte de vos mismo\u00bb, \u00abCatarsis\u00bb, \u00abKinky Boots\u00bb y \u00abWaterloo, summer night city\u00bb.<\/p>\n\n\n\n<p><strong>Sobre Marcos Rauch:<\/strong> Director, actor, cantante y gestor de proyectos educativos. Marcos utiliza la improvisaci\u00f3n teatral como herramienta pedag\u00f3gica y dirige MAHAS, un espacio de aprendizaje art\u00edstico. Entre sus trabajos destacan la direcci\u00f3n de \u00abSI MON DIEU\u00bb y \u00abRufianes\u00bb, y su participaci\u00f3n como actor en \u00abEl Curioso Incidente del Perro a Media Noche\u00bb y \u00abForever Young\u00bb.<\/p>\n\n\n\n<p><strong>Sobre Acu Patriarca:<\/strong> Actor y licenciado en publicidad, Acu comenz\u00f3 su formaci\u00f3n art\u00edstica a los 13 a\u00f1os y ha tomado clases con reconocidos profesionales como Marcos Rauch y Victoria Rauch. Ha participado en obras como \u00abLos muertos no pagan\u00bb y cortometrajes como \u00abLa caja\u00bb.<\/p>\n\n\n\n<p class=\"has-text-align-center\"><strong>LUCAS SPADAFORA protagoniza<\/strong><br><strong>\u00bfQUIEN CHOTA SOY?<\/strong><br>en el <strong>Paseo La Plaza, Sala Pablo Neruda<\/strong><br>Av. Corrientes 1612, Cdad. Aut\u00f3noma de Buenos Aires<\/p>\n\n\n\n<p class=\"has-text-align-center\">Funciones:<br><strong>S\u00e1bados de julio 23.30 hs.<\/strong><br><strong>S\u00e1bados de agosto 23.59 hs.<\/strong><\/p>\n\n\n\n<p class=\"has-text-align-center\"><strong>Venta en boleter\u00eda del teatro y <\/strong><strong>por <\/strong><a href=\"https:\/\/mkprensa.mx-router-i.com\/c\/zee06e\/mjkf4gew\/okbwzzx1918\"><strong>Plateanet<\/strong><\/a><strong>&nbsp; o al tel 5236-3000&nbsp;<\/strong><\/p>\n\n\n\n<figure class=\"wp-block-image\"><img loading=\"lazy\" decoding=\"async\" width=\"1600\" height=\"1600\" src=\"https:\/\/entrenotasyacordes.com\/wp-content\/uploads\/2024\/07\/image.jpeg\" alt=\"\" class=\"wp-image-9722\" srcset=\"https:\/\/entrenotasyacordes.com\/wp-content\/uploads\/2024\/07\/image.jpeg 1600w, https:\/\/entrenotasyacordes.com\/wp-content\/uploads\/2024\/07\/image-300x300.jpeg 300w, https:\/\/entrenotasyacordes.com\/wp-content\/uploads\/2024\/07\/image-1024x1024.jpeg 1024w, https:\/\/entrenotasyacordes.com\/wp-content\/uploads\/2024\/07\/image-150x150.jpeg 150w, https:\/\/entrenotasyacordes.com\/wp-content\/uploads\/2024\/07\/image-768x768.jpeg 768w, https:\/\/entrenotasyacordes.com\/wp-content\/uploads\/2024\/07\/image-1536x1536.jpeg 1536w, https:\/\/entrenotasyacordes.com\/wp-content\/uploads\/2024\/07\/image-50x50.jpeg 50w\" sizes=\"auto, (max-width: 1600px) 100vw, 1600px\" \/><\/figure>\n\n\n\n<p><strong>Ficha T\u00e9cnica<\/strong><\/p>\n\n\n\n<p><strong>Direcci\u00f3n\u00a0<\/strong><br>Marcos Rauch<\/p>\n\n\n\n<p><strong>Elenco <\/strong>\u00a0<br>Lucas Spadafora<br>Acu Patriarca<\/p>\n\n\n\n<p><strong>Escenograf\u00eda: <\/strong>Grita by Luisa Heine y Magui Diez<br><strong>Dise\u00f1o de Luces: <\/strong>Eduardo Safigueroa<br><strong>Vestuario: <\/strong>Sof\u00eda Figueroa<br><strong>Fotograf\u00eda y Video: <\/strong>Betsy Meza Moreno y Ezequiel Rossi<br><strong>Montaje fotogr\u00e1fico:<\/strong> Patricio Badde<br><strong>Dise\u00f1o Gr\u00e1fico: <\/strong>All Buenos Aires<br><strong>Coordinadora de Comunicaci\u00f3n Integral:<\/strong> Alejandra P\u00e9rez<br><strong>Prensa: <\/strong>Marisol Koren<br><strong>Pauta Publicitaria:<\/strong> Alejandra P\u00e9rez y Melisa Gonz\u00e1lez<br><strong>Comunicaci\u00f3n en redes: <\/strong>Candela Berraz<br><strong>Productora General<\/strong>: Guadalupe Saadi<br><strong>Asistente de Producci\u00f3n<\/strong>: Sof\u00eda Figueroa<br><strong>Asistente de Direcci\u00f3n: <\/strong>Meri Arratibel<\/p>\n","protected":false},"excerpt":{"rendered":"","protected":false},"author":5,"featured_media":9721,"comment_status":"open","ping_status":"open","sticky":false,"template":"","format":"standard","meta":{"om_disable_all_campaigns":false,"_uf_show_specific_survey":0,"_uf_disable_surveys":false,"footnotes":""},"categories":[9],"tags":[],"class_list":["post-9720","post","type-post","status-publish","format-standard","has-post-thumbnail","hentry","category-cine-y-teatro"],"_links":{"self":[{"href":"https:\/\/entrenotasyacordes.com\/index.php?rest_route=\/wp\/v2\/posts\/9720","targetHints":{"allow":["GET"]}}],"collection":[{"href":"https:\/\/entrenotasyacordes.com\/index.php?rest_route=\/wp\/v2\/posts"}],"about":[{"href":"https:\/\/entrenotasyacordes.com\/index.php?rest_route=\/wp\/v2\/types\/post"}],"author":[{"embeddable":true,"href":"https:\/\/entrenotasyacordes.com\/index.php?rest_route=\/wp\/v2\/users\/5"}],"replies":[{"embeddable":true,"href":"https:\/\/entrenotasyacordes.com\/index.php?rest_route=%2Fwp%2Fv2%2Fcomments&post=9720"}],"version-history":[{"count":1,"href":"https:\/\/entrenotasyacordes.com\/index.php?rest_route=\/wp\/v2\/posts\/9720\/revisions"}],"predecessor-version":[{"id":9723,"href":"https:\/\/entrenotasyacordes.com\/index.php?rest_route=\/wp\/v2\/posts\/9720\/revisions\/9723"}],"wp:featuredmedia":[{"embeddable":true,"href":"https:\/\/entrenotasyacordes.com\/index.php?rest_route=\/wp\/v2\/media\/9721"}],"wp:attachment":[{"href":"https:\/\/entrenotasyacordes.com\/index.php?rest_route=%2Fwp%2Fv2%2Fmedia&parent=9720"}],"wp:term":[{"taxonomy":"category","embeddable":true,"href":"https:\/\/entrenotasyacordes.com\/index.php?rest_route=%2Fwp%2Fv2%2Fcategories&post=9720"},{"taxonomy":"post_tag","embeddable":true,"href":"https:\/\/entrenotasyacordes.com\/index.php?rest_route=%2Fwp%2Fv2%2Ftags&post=9720"}],"curies":[{"name":"wp","href":"https:\/\/api.w.org\/{rel}","templated":true}]}}