{"id":9727,"date":"2024-07-13T13:35:34","date_gmt":"2024-07-13T13:35:34","guid":{"rendered":"https:\/\/entrenotasyacordes.com\/?p=9727"},"modified":"2024-07-13T13:35:35","modified_gmt":"2024-07-13T13:35:35","slug":"azul-schenquerman-presenta-su-tercer-disco-demasiado-humana","status":"publish","type":"post","link":"https:\/\/entrenotasyacordes.com\/?p=9727","title":{"rendered":"Azul Schenquerman presenta su tercer disco \u201cDemasiado Humana\u201d"},"content":{"rendered":"\n<!--more-->\n\n\n<div class=\"wp-block-image\">\n<figure class=\"aligncenter size-full is-resized\"><img loading=\"lazy\" decoding=\"async\" width=\"378\" height=\"378\" src=\"https:\/\/entrenotasyacordes.com\/wp-content\/uploads\/2024\/07\/11i.jpg\" alt=\"\" class=\"wp-image-9728\" style=\"width:607px;height:auto\" srcset=\"https:\/\/entrenotasyacordes.com\/wp-content\/uploads\/2024\/07\/11i.jpg 378w, https:\/\/entrenotasyacordes.com\/wp-content\/uploads\/2024\/07\/11i-300x300.jpg 300w, https:\/\/entrenotasyacordes.com\/wp-content\/uploads\/2024\/07\/11i-150x150.jpg 150w, https:\/\/entrenotasyacordes.com\/wp-content\/uploads\/2024\/07\/11i-50x50.jpg 50w\" sizes=\"auto, (max-width: 378px) 100vw, 378px\" \/><\/figure>\n<\/div>\n\n\n<p>\u201cDemasiado Humana\u201d, el nuevo material de la joven cantante y compositora argentina Azul Schenquerman, es un disco donde se exploran los sentimientos y las contradicciones que nos plantea ser humanos. Desde una transparencia casi visceral se exponen los miedos, anhelos, deseos y contradicciones que acompa\u00f1an y acechan la cotidianidad de una persona. La cantautora, desde su propia experiencia, exterioriza hacia su audiencia, el proceso identitario que est\u00e1 atravesando.<\/p>\n\n\n\n<p>Este enfoque existe desde el primer disco de la cantautora (\u201cCatarsis\u201d, 2019). Lo cual, inevitablemente, conecta toda su obra de forma conceptual, como un registro de vida. Un diario \u00edntimo que ha decidido compartir con su p\u00fablico.&nbsp;&nbsp;En el compartir encontramos que no estamos solos en lo que sentimos, sino que quien compone, se siente visto y escuchado por quien escucha, y quien escucha, se siente visto y escuchado por quien compone.<\/p>\n\n\n\n<p>El tercer disco de Azul Schenquerman aborda g\u00e9neros como el indie, el rock, el folk y el pop. \u201cDemasiado Humana\u201d es nuevamente un \u00e1lbum ecl\u00e9ctico en base al formato. Hay canciones m\u00e1s movidas, otras m\u00e1s pesadas, otras m\u00e1s electr\u00f3nicas, otras m\u00e1s ac\u00fasticas e incluso algunas baladas. Cada canci\u00f3n fue desencadenada por una emoci\u00f3n distinta, y, por ende, representada con la sonoridad m\u00e1s af\u00edn a ella.&nbsp;<\/p>\n\n\n\n<p>\u201cDemasiado Humana\u201d es un disco que atraviesa lo personal, lo vincular, y tambi\u00e9n la relaci\u00f3n con el entorno, con el contexto, con todo aquello con nos interpela directa e indirectamente.<\/p>\n\n\n\n<p>El \u00e1lbum \u201cIncendio\u201d (2002) lleg\u00f3 despu\u00e9s de \u201cCatarsis\u201d. Representando as\u00ed la met\u00e1fora de una especie de crecimiento forzado, donde la catarsis no fue suficiente para borrar las marcas del pasado y es necesario invitar al \u201cIncendio\u201d.\u00a0\u00a0\u201cDemasiado Humana\u201d (2024) viene luego de \u201cIncendio\u201d, planteando que a veces simplemente hay que aceptar que somos demasiado humanos, y no siempre es necesario incendiar, enterrar y ocultar como nos sentimos. Es en el sentir donde habitamos realmente nuestra humanidad.<\/p>\n\n\n\n<figure class=\"wp-block-embed is-type-rich is-provider-spotify wp-block-embed-spotify wp-embed-aspect-21-9 wp-has-aspect-ratio\"><div class=\"wp-block-embed__wrapper\">\n<iframe title=\"Spotify Embed: Demasiado Humana\" style=\"border-radius: 12px\" width=\"100%\" height=\"352\" frameborder=\"0\" allowfullscreen allow=\"autoplay; clipboard-write; encrypted-media; fullscreen; picture-in-picture\" loading=\"lazy\" src=\"https:\/\/open.spotify.com\/embed\/album\/1UfQb9DvdxwD0AeSbaI9WZ?utm_source=oembed\"><\/iframe>\n<\/div><\/figure>\n\n\n\n<p><strong>Ficha t\u00e9cnica<\/strong><\/p>\n\n\n\n<p>Azul Schenquerman: composici\u00f3n de m\u00fasica y letra, voces, piano, guitarras ac\u00fasticas y el\u00e9ctricas, bombo leg\u00fcero. <br>Valent\u00edn Cremona: Bajo y guitarras ac\u00fasticas. <br>Dante Fisicaro: sintetizadores, piano, texturas sonoras y percusi\u00f3n. <br>Bruno Marchetti: guitarras el\u00e9ctricas y texturas. <br>Narow\u00e9 L.S: bater\u00eda, percusi\u00f3n y bombo leg\u00fcero. <br>Lucho Scianca: beatmaker de \u201cMantra\u201d. <br>Ignacio Gabbanelli guitarra criolla.<\/p>\n\n\n\n<p>Producci\u00f3n art\u00edstica, programaci\u00f3n, sintetizadores, saxo, arreglos, mezcla y grabaci\u00f3n: Adri\u00e1n Schenquerman.<br>Co-producci\u00f3n art\u00edstica: Alejandro Spinelli \u201cChufit\u201d.<br>Grabado y masterizado en: Chufitlandia por Alejandro Spinelli \u201cChufit\u201d.<\/p>\n\n\n\n<p><strong><u>Pr\u00f3xima fecha<\/u><\/strong><\/p>\n\n\n\n<p>Viernes 20 de septiembre: Azul Schenquerman en Humboldt (ex Niceto Lado B). Humboldt 1358, CABA. 22 hs. Entradas $5000. En venta por&nbsp;<a href=\"https:\/\/www.passline.com\/eventos\/azul-schenquerman-presenta-demasiado-humana-en-humboldt-niceto-club\">Passline<\/a>.<\/p>\n\n\n<div class=\"wp-block-image\">\n<figure class=\"aligncenter size-full\"><img loading=\"lazy\" decoding=\"async\" width=\"703\" height=\"469\" src=\"https:\/\/entrenotasyacordes.com\/wp-content\/uploads\/2024\/07\/11ii.jpg\" alt=\"\" class=\"wp-image-9729\" srcset=\"https:\/\/entrenotasyacordes.com\/wp-content\/uploads\/2024\/07\/11ii.jpg 703w, https:\/\/entrenotasyacordes.com\/wp-content\/uploads\/2024\/07\/11ii-300x200.jpg 300w\" sizes=\"auto, (max-width: 703px) 100vw, 703px\" \/><\/figure>\n<\/div>\n\n\n<p>Azul Schenquerman es una cantautora independiente argentina de 22 a\u00f1os que actualmente reside en CABA. Tiene tres discos editados: \u201cCatarsis\u201d publicado en 2019, \u201cIncendio\u201d de 2022 y \u201cDemasiado Humana\u201d, de 2024.&nbsp;&nbsp;La joven cantante indaga sobre diferentes sonoridades y g\u00e9neros como el folk, el pop, el blues y el rock. Su m\u00fasica va siempre de la mano con comunicar experiencias y emociones que puedan ayudar a otras personas a sentirse acompa\u00f1adas.<\/p>\n\n\n\n<p>Azul comenz\u00f3 a relacionarse con la m\u00fasica desde su infancia, aproximadamente a los 7 a\u00f1os, cuando sus padres al ver su pasi\u00f3n por el canto, la motivaron a tomar clases de piano. A partir de eso el viaje hacia la m\u00fasica solamente fue creciendo. A los 13 a\u00f1os sum\u00f3 la guitarra y en paralelo comenz\u00f3 a componer sus propias canciones.<\/p>\n\n\n\n<p>En 2017 gan\u00f3 el concurso \u00abVamos las Bandas\u00bb en representaci\u00f3n de CABA con Lito Vitale y Miss Bolivia en el jurado. Gracias a esto se present\u00f3 en Tecn\u00f3polis Mar del Plata y grab\u00f3 una canci\u00f3n junto a Lito Vitale en su estudio. Tambi\u00e9n comenz\u00f3 a presentarse con frecuencia en el Centro Cultural Recoleta, el Universal y el Open Folk.<\/p>\n\n\n\n<p>A los 18 a\u00f1os, todas sus canciones se convirtieron en un disco llamado \u201cCatarsis\u201d, con 12 canciones originales. En este \u00e1lbum colaboraron: Lito Vitale, Mart\u00edn Gonz\u00e1lez, Tom\u00e1s Amante, Patricio Villarejo, Alejandro Franov, Sebasti\u00e1n Mattiassi, Valent\u00edn Cremona, Alejando Spinelli, Luciano Vitale y Alejandro Goldberg. El productor art\u00edstico y arreglador musical es nada m\u00e1s y nada menos que el padre de Azul, Adri\u00e1n Schenquerman, con quien forman un equipo musical desde siempre.<\/p>\n\n\n\n<p>Luego de presentar \u201cCatarsis\u201d en el Universal lleg\u00f3 la pandemia. Con su primer disco apenas presentado, Azul, como el resto del mundo, qued\u00f3 frenada. Con todas esas emociones, miedos y experiencias comenz\u00f3 a componer y grabar su segundo \u00e1lbum, \u201cIncendio\u201d, en el home-studio de su casa con su pap\u00e1. A distancia fueron llegando las colaboraciones, y lo que parec\u00eda ser una manera de volcar las emociones de todo lo que suced\u00eda se convirti\u00f3 en un disco.<\/p>\n\n\n\n<p>En 2022, Azul Schenquerman decidi\u00f3 volver al ruedo. Filmando un video conceptual para su segundo \u00e1lbum \u201cIncendio\u201d.&nbsp;&nbsp;El cual cuenta con las participaciones de Alex Musatov, Mart\u00edn Gonz\u00e1lez, David Amado, Patricio Villarejo, Hip\u00f3lito Chino Courvoisier, Valentin Cremona, Mart\u00edn Torrez y Alejandro Spinelli, entre otros.&nbsp;&nbsp;El disco fue presentado con banda en El Quetzal a sala llena y desde ese entonces la artista contin\u00faa present\u00e1ndose constantemente en vivo, tanto en formato solo set c\u00f3mo acompa\u00f1ada por su banda.<\/p>\n\n\n\n<p>Actualmente se encuentra dando paso al nuevo disco \u201cDemasiado Humana\u201d, donde su sonoridad y el concepto de su m\u00fasica se han consolidado a\u00fan m\u00e1s en una pieza completamente honesta, transparente, humana y visceral. Hay un fuerte empe\u00f1o en comunicar siempre desde la identidad del proyecto, sin tener que adaptarse a la hegemon\u00eda. Ser fiel a lo que el proyecto es, y ser fiel a lo que uno es, siempre.<\/p>\n\n\n\n<p><strong><u>Discograf\u00eda<\/u><\/strong><\/p>\n\n\n\n<p>\u201cDemasiado humana\u201d (2024).<br>\u201cIncendio\u201d (2022).<br>\u201cCatarsis\u201d (2019).<\/p>\n","protected":false},"excerpt":{"rendered":"","protected":false},"author":5,"featured_media":9728,"comment_status":"open","ping_status":"open","sticky":false,"template":"","format":"standard","meta":{"om_disable_all_campaigns":false,"_uf_show_specific_survey":0,"_uf_disable_surveys":false,"footnotes":""},"categories":[4],"tags":[],"class_list":["post-9727","post","type-post","status-publish","format-standard","has-post-thumbnail","hentry","category-musica"],"_links":{"self":[{"href":"https:\/\/entrenotasyacordes.com\/index.php?rest_route=\/wp\/v2\/posts\/9727","targetHints":{"allow":["GET"]}}],"collection":[{"href":"https:\/\/entrenotasyacordes.com\/index.php?rest_route=\/wp\/v2\/posts"}],"about":[{"href":"https:\/\/entrenotasyacordes.com\/index.php?rest_route=\/wp\/v2\/types\/post"}],"author":[{"embeddable":true,"href":"https:\/\/entrenotasyacordes.com\/index.php?rest_route=\/wp\/v2\/users\/5"}],"replies":[{"embeddable":true,"href":"https:\/\/entrenotasyacordes.com\/index.php?rest_route=%2Fwp%2Fv2%2Fcomments&post=9727"}],"version-history":[{"count":1,"href":"https:\/\/entrenotasyacordes.com\/index.php?rest_route=\/wp\/v2\/posts\/9727\/revisions"}],"predecessor-version":[{"id":9730,"href":"https:\/\/entrenotasyacordes.com\/index.php?rest_route=\/wp\/v2\/posts\/9727\/revisions\/9730"}],"wp:featuredmedia":[{"embeddable":true,"href":"https:\/\/entrenotasyacordes.com\/index.php?rest_route=\/wp\/v2\/media\/9728"}],"wp:attachment":[{"href":"https:\/\/entrenotasyacordes.com\/index.php?rest_route=%2Fwp%2Fv2%2Fmedia&parent=9727"}],"wp:term":[{"taxonomy":"category","embeddable":true,"href":"https:\/\/entrenotasyacordes.com\/index.php?rest_route=%2Fwp%2Fv2%2Fcategories&post=9727"},{"taxonomy":"post_tag","embeddable":true,"href":"https:\/\/entrenotasyacordes.com\/index.php?rest_route=%2Fwp%2Fv2%2Ftags&post=9727"}],"curies":[{"name":"wp","href":"https:\/\/api.w.org\/{rel}","templated":true}]}}