{"id":9778,"date":"2024-07-15T16:45:46","date_gmt":"2024-07-15T16:45:46","guid":{"rendered":"https:\/\/entrenotasyacordes.com\/?p=9778"},"modified":"2024-07-15T16:45:48","modified_gmt":"2024-07-15T16:45:48","slug":"daraluz-lanza-el-fundamento-del-miedo-segundo-adelanto-de-circular-su-nuevo-disco-de-estudio","status":"publish","type":"post","link":"https:\/\/entrenotasyacordes.com\/?p=9778","title":{"rendered":"DARALUZ lanza \u201cEl fundamento del miedo\u201d, segundo adelanto de CIRCULAR, su nuevo disco de estudio."},"content":{"rendered":"\n<!--more-->\n\n\n<div class=\"wp-block-image\">\n<figure class=\"aligncenter size-full is-resized\"><img loading=\"lazy\" decoding=\"async\" width=\"800\" height=\"800\" src=\"https:\/\/entrenotasyacordes.com\/wp-content\/uploads\/2024\/07\/12b.jpg\" alt=\"\" class=\"wp-image-9779\" style=\"width:607px;height:auto\" srcset=\"https:\/\/entrenotasyacordes.com\/wp-content\/uploads\/2024\/07\/12b.jpg 800w, https:\/\/entrenotasyacordes.com\/wp-content\/uploads\/2024\/07\/12b-300x300.jpg 300w, https:\/\/entrenotasyacordes.com\/wp-content\/uploads\/2024\/07\/12b-150x150.jpg 150w, https:\/\/entrenotasyacordes.com\/wp-content\/uploads\/2024\/07\/12b-768x768.jpg 768w, https:\/\/entrenotasyacordes.com\/wp-content\/uploads\/2024\/07\/12b-50x50.jpg 50w\" sizes=\"auto, (max-width: 800px) 100vw, 800px\" \/><\/figure>\n<\/div>\n\n\n<p><strong>DARALUZ<\/strong>&nbsp;es el proyecto musical de&nbsp;<strong>DARA<\/strong>, baterista con extensa carrera en el under, compositor y cantautor multiinstrumentista. &nbsp;<\/p>\n\n\n\n<p>Hace pocos d\u00edas lanz\u00f3 \u201cMi propia trampa\u201d, primer adelanto de lo que ser\u00e1 su nuevo disco de estudio titulado&nbsp;<em>CIRCULAR<\/em>&nbsp;y en pocas semanas har\u00e1 lo propio con \u201cEl fundamento del miedo\u201d, su segundo sencillo.<\/p>\n\n\n\n<p>\u201cEl fundamento del miedo\u201d es una canci\u00f3n profunda con una letra que invita a pensar sobre los miedos que atraviesan los seres humanos. Temores siempre latentes que se deben enfrentar para seguir adelante.&nbsp;<\/p>\n\n\n\n<p>Una balada dotada de una instrumentaci\u00f3n al estilo Bryan Adams con guitarras ac\u00fasticas en plan Jeff Lynne, arreglos de guitarra el\u00e9ctrica a lo George Harrison y apariciones de cuerdas muy en la senda de los Beatles.\u00a0<\/p>\n\n\n\n<p>Grabado por&nbsp;<strong>DARA<\/strong>&nbsp;con Yamil Salvador (Guasones) en producci\u00f3n, hammond y piano, Sebasti\u00e1n&nbsp;<em>Tano<\/em>&nbsp;Cavaletti en bater\u00eda (Mancha de Rolando), Mauro Bonamico en bajo, Javier&nbsp;<em>Cach\u00f3n<\/em>&nbsp;Invernizzi y Nico Yudchak en guitarras y Santiago Rulo Garc\u00eda en pedal steel. &nbsp;<\/p>\n\n\n\n<p>El abanico musical de&nbsp;<strong>DARALUZ<\/strong>&nbsp;va desde la canci\u00f3n cl\u00e1sica argentina con gui\u00f1os al indie moderno y la m\u00fasica sudamericana.<\/p>\n\n\n\n<p><em>CIRCULAR<\/em>\u00a0es un disco conceptual. Consta de siete canciones que exponen el drama de quien vuelve a repetir situaciones en diferentes historias amorosas a lo largo de su vida.\u00a0Es autoreferencial y cuenta circunstancias amorosas reales interconectadas, con principios de otros finales y finales de otros principios. \u00a0 Es un \u00e1lbum y a la vez es una pel\u00edcula. Cada canci\u00f3n tiene su videoclip que es parte de la historia global. Cada tema cuenta con un video rodado en habitaciones de una vieja casona restaurada. De esa manera, se logr\u00f3 que todos los clips tengan conexi\u00f3n entre s\u00ed. Al ser habitaciones distintas y con la posibilidad de verlos en cualquier orden, se puede elegir la propia aventura. Hay un orden que ser\u00e1 el de la publicaci\u00f3n del \u00e1lbum, pero luego cada uno podr\u00e1 verlos de modo aleatorio y armar su propia historia. <\/p>\n\n\n\n<p><em>CIRCULAR<\/em>&nbsp;fue grabado por&nbsp;<strong>DARA<\/strong>&nbsp;con la participaci\u00f3n de reconocidos m\u00fasicos de la escena. Cuenta con invitados como Dizzy Espeche en guitarra (ex Fito P\u00e1ez, Emanuel Horvilleur y Coti). Mezclado por Javier Ba\u00f1uelos (Tipitos, Juku Ares, Un Muerto M\u00e1s) y masterizado por Hern\u00e1n Asconiga. &nbsp;<\/p>\n\n\n\n<p>El \u00e1lbum debut hom\u00f3nimo fue presentado en vivo a sala llena en Caf\u00e9 Berl\u00edn de Buenos Aires en agosto de 2023. Y dicho concierto se public\u00f3 en abril de este a\u00f1o como&nbsp;<em>DARALUZ en Vivo en Caf\u00e9 Berl\u00edn<\/em>. De acuerdo a las propias palabras de&nbsp;<strong>DARA<\/strong>, es un escorpiano, apasionado, coqueto y obsesivo.&nbsp;<\/p>\n\n\n\n<p>\u201cMi propia trampa\u201d ya se encuentra disponible en todas las plataformas digitales. Hacia fines de julio se espera la aparici\u00f3n de \u201cEl fundamento del miedo\u201d, segundo corte adelanto del \u00e1lbum.<\/p>\n\n\n<div class=\"wp-block-image\">\n<figure class=\"aligncenter size-full\"><img loading=\"lazy\" decoding=\"async\" width=\"800\" height=\"450\" src=\"https:\/\/entrenotasyacordes.com\/wp-content\/uploads\/2024\/07\/12bb.jpg\" alt=\"\" class=\"wp-image-9780\" srcset=\"https:\/\/entrenotasyacordes.com\/wp-content\/uploads\/2024\/07\/12bb.jpg 800w, https:\/\/entrenotasyacordes.com\/wp-content\/uploads\/2024\/07\/12bb-300x169.jpg 300w, https:\/\/entrenotasyacordes.com\/wp-content\/uploads\/2024\/07\/12bb-768x432.jpg 768w\" sizes=\"auto, (max-width: 800px) 100vw, 800px\" \/><\/figure>\n<\/div>","protected":false},"excerpt":{"rendered":"","protected":false},"author":5,"featured_media":9779,"comment_status":"open","ping_status":"open","sticky":false,"template":"","format":"standard","meta":{"om_disable_all_campaigns":false,"_uf_show_specific_survey":0,"_uf_disable_surveys":false,"footnotes":""},"categories":[4],"tags":[],"class_list":["post-9778","post","type-post","status-publish","format-standard","has-post-thumbnail","hentry","category-musica"],"_links":{"self":[{"href":"https:\/\/entrenotasyacordes.com\/index.php?rest_route=\/wp\/v2\/posts\/9778","targetHints":{"allow":["GET"]}}],"collection":[{"href":"https:\/\/entrenotasyacordes.com\/index.php?rest_route=\/wp\/v2\/posts"}],"about":[{"href":"https:\/\/entrenotasyacordes.com\/index.php?rest_route=\/wp\/v2\/types\/post"}],"author":[{"embeddable":true,"href":"https:\/\/entrenotasyacordes.com\/index.php?rest_route=\/wp\/v2\/users\/5"}],"replies":[{"embeddable":true,"href":"https:\/\/entrenotasyacordes.com\/index.php?rest_route=%2Fwp%2Fv2%2Fcomments&post=9778"}],"version-history":[{"count":1,"href":"https:\/\/entrenotasyacordes.com\/index.php?rest_route=\/wp\/v2\/posts\/9778\/revisions"}],"predecessor-version":[{"id":9781,"href":"https:\/\/entrenotasyacordes.com\/index.php?rest_route=\/wp\/v2\/posts\/9778\/revisions\/9781"}],"wp:featuredmedia":[{"embeddable":true,"href":"https:\/\/entrenotasyacordes.com\/index.php?rest_route=\/wp\/v2\/media\/9779"}],"wp:attachment":[{"href":"https:\/\/entrenotasyacordes.com\/index.php?rest_route=%2Fwp%2Fv2%2Fmedia&parent=9778"}],"wp:term":[{"taxonomy":"category","embeddable":true,"href":"https:\/\/entrenotasyacordes.com\/index.php?rest_route=%2Fwp%2Fv2%2Fcategories&post=9778"},{"taxonomy":"post_tag","embeddable":true,"href":"https:\/\/entrenotasyacordes.com\/index.php?rest_route=%2Fwp%2Fv2%2Ftags&post=9778"}],"curies":[{"name":"wp","href":"https:\/\/api.w.org\/{rel}","templated":true}]}}