{"id":9791,"date":"2024-07-15T17:14:56","date_gmt":"2024-07-15T17:14:56","guid":{"rendered":"https:\/\/entrenotasyacordes.com\/?p=9791"},"modified":"2024-07-15T17:14:58","modified_gmt":"2024-07-15T17:14:58","slug":"agenda-de-shows-la-trastienda-6","status":"publish","type":"post","link":"https:\/\/entrenotasyacordes.com\/?p=9791","title":{"rendered":"Agenda de shows La Trastienda"},"content":{"rendered":"\n<!--more-->\n\n\n\n<p><strong><u>AGENDA DE SHOWS<\/u><\/strong><\/p>\n\n\n\n<p><strong>JUEVES 18 DE JULIO<\/strong><\/p>\n\n\n\n<div class=\"wp-block-columns is-layout-flex wp-container-core-columns-is-layout-28f84493 wp-block-columns-is-layout-flex\">\n<div class=\"wp-block-column is-layout-flow wp-block-column-is-layout-flow\">\n<p>NONPALIDECE<br>JUEVES 18 DE JULIO \u2013 21:00HS<br>LA TRASTIENDA \u2013 BALCARCE 460<br>ENTRADAS A LA VENTA EN&nbsp;<a href=\"http:\/\/www.tuentrada.com\/\">WWW.TUENTRADA.COM<\/a><\/p>\n<\/div>\n\n\n\n<div class=\"wp-block-column is-layout-flow wp-block-column-is-layout-flow\">\n<figure class=\"wp-block-image size-full is-resized\"><img loading=\"lazy\" decoding=\"async\" width=\"900\" height=\"800\" src=\"https:\/\/entrenotasyacordes.com\/wp-content\/uploads\/2024\/07\/6bbbb.webp\" alt=\"\" class=\"wp-image-9607\" style=\"width:309px;height:auto\" srcset=\"https:\/\/entrenotasyacordes.com\/wp-content\/uploads\/2024\/07\/6bbbb.webp 900w, https:\/\/entrenotasyacordes.com\/wp-content\/uploads\/2024\/07\/6bbbb-300x267.webp 300w, https:\/\/entrenotasyacordes.com\/wp-content\/uploads\/2024\/07\/6bbbb-768x683.webp 768w\" sizes=\"auto, (max-width: 900px) 100vw, 900px\" \/><\/figure>\n<\/div>\n<\/div>\n\n\n\n<p><strong>VIERNES 19 DE JULIO<\/strong><\/p>\n\n\n\n<div class=\"wp-block-columns is-layout-flex wp-container-core-columns-is-layout-28f84493 wp-block-columns-is-layout-flex\">\n<div class=\"wp-block-column is-layout-flow wp-block-column-is-layout-flow\">\n<p>SUETER<br>VIERNES 19 DE JULIO \u2013 20:30HS<br>LA TRASTIENDA \u2013 BALCARCE 460<br>ENTRADAS A LA VENTA EN\u00a0<a href=\"http:\/\/www.tuentrada.com\/\">WWW.TUENTRADA.COM<\/a><\/p>\n<\/div>\n\n\n\n<div class=\"wp-block-column is-layout-flow wp-block-column-is-layout-flow\">\n<figure class=\"wp-block-image size-full is-resized\"><img loading=\"lazy\" decoding=\"async\" width=\"900\" height=\"800\" src=\"https:\/\/entrenotasyacordes.com\/wp-content\/uploads\/2024\/07\/12e.webp\" alt=\"\" class=\"wp-image-9792\" style=\"width:305px;height:auto\" srcset=\"https:\/\/entrenotasyacordes.com\/wp-content\/uploads\/2024\/07\/12e.webp 900w, https:\/\/entrenotasyacordes.com\/wp-content\/uploads\/2024\/07\/12e-300x267.webp 300w, https:\/\/entrenotasyacordes.com\/wp-content\/uploads\/2024\/07\/12e-768x683.webp 768w\" sizes=\"auto, (max-width: 900px) 100vw, 900px\" \/><\/figure>\n<\/div>\n<\/div>\n\n\n\n<p><strong>SABADO 20 DE JULIO<\/strong><\/p>\n\n\n\n<div class=\"wp-block-columns is-layout-flex wp-container-core-columns-is-layout-28f84493 wp-block-columns-is-layout-flex\">\n<div class=\"wp-block-column is-layout-flow wp-block-column-is-layout-flow\">\n<p>LOS TABALEROS<br>S\u00c1BADO 20 DE JULIO \u2013 21:00HS<br>LA TRASTIENDA \u2013 BALCARCE 460<br>ENTRADAS A LA VENTA EN\u00a0<a href=\"http:\/\/www.tuentrada.com\/\">WWW.TUENTRADA.COM<\/a><\/p>\n<\/div>\n\n\n\n<div class=\"wp-block-column is-layout-flow wp-block-column-is-layout-flow\">\n<figure class=\"wp-block-image size-full is-resized\"><img loading=\"lazy\" decoding=\"async\" width=\"900\" height=\"800\" src=\"https:\/\/entrenotasyacordes.com\/wp-content\/uploads\/2024\/07\/12ee.webp\" alt=\"\" class=\"wp-image-9793\" style=\"width:291px;height:auto\" srcset=\"https:\/\/entrenotasyacordes.com\/wp-content\/uploads\/2024\/07\/12ee.webp 900w, https:\/\/entrenotasyacordes.com\/wp-content\/uploads\/2024\/07\/12ee-300x267.webp 300w, https:\/\/entrenotasyacordes.com\/wp-content\/uploads\/2024\/07\/12ee-768x683.webp 768w\" sizes=\"auto, (max-width: 900px) 100vw, 900px\" \/><\/figure>\n<\/div>\n<\/div>\n\n\n\n<p><strong>DOMINGO 21 DE JULIO<\/strong>\u00a0<\/p>\n\n\n\n<div class=\"wp-block-columns is-layout-flex wp-container-core-columns-is-layout-28f84493 wp-block-columns-is-layout-flex\">\n<div class=\"wp-block-column is-layout-flow wp-block-column-is-layout-flow\">\n<p>M\u00c1S M\u00daSICA. M\u00c1S ARTE<br>EN VIVO: CORDEROS + LA MANO DEL REY + KAIZEN EN LA TRIBU + LA SELECCI\u00d3N INVISIBLE<br>DOMINGO 21 DE JULIO \u2013 20:00HS<br>LA TRASTIENDA \u2013 BALCARCE 460<br>ENTRADAS A LA VENTA EN\u00a0<a href=\"http:\/\/www.tuentrada.com\/\">WWW.TUENTRADA.COM<\/a><\/p>\n<\/div>\n\n\n\n<div class=\"wp-block-column is-layout-flow wp-block-column-is-layout-flow\">\n<figure class=\"wp-block-image size-full is-resized\"><img loading=\"lazy\" decoding=\"async\" width=\"900\" height=\"800\" src=\"https:\/\/entrenotasyacordes.com\/wp-content\/uploads\/2024\/07\/12eee.webp\" alt=\"\" class=\"wp-image-9794\" style=\"width:301px;height:auto\" srcset=\"https:\/\/entrenotasyacordes.com\/wp-content\/uploads\/2024\/07\/12eee.webp 900w, https:\/\/entrenotasyacordes.com\/wp-content\/uploads\/2024\/07\/12eee-300x267.webp 300w, https:\/\/entrenotasyacordes.com\/wp-content\/uploads\/2024\/07\/12eee-768x683.webp 768w\" sizes=\"auto, (max-width: 900px) 100vw, 900px\" \/><\/figure>\n<\/div>\n<\/div>\n","protected":false},"excerpt":{"rendered":"","protected":false},"author":5,"featured_media":9283,"comment_status":"open","ping_status":"open","sticky":false,"template":"","format":"standard","meta":{"om_disable_all_campaigns":false,"_uf_show_specific_survey":0,"_uf_disable_surveys":false,"footnotes":""},"categories":[36],"tags":[],"class_list":["post-9791","post","type-post","status-publish","format-standard","has-post-thumbnail","hentry","category-conciertos"],"_links":{"self":[{"href":"https:\/\/entrenotasyacordes.com\/index.php?rest_route=\/wp\/v2\/posts\/9791","targetHints":{"allow":["GET"]}}],"collection":[{"href":"https:\/\/entrenotasyacordes.com\/index.php?rest_route=\/wp\/v2\/posts"}],"about":[{"href":"https:\/\/entrenotasyacordes.com\/index.php?rest_route=\/wp\/v2\/types\/post"}],"author":[{"embeddable":true,"href":"https:\/\/entrenotasyacordes.com\/index.php?rest_route=\/wp\/v2\/users\/5"}],"replies":[{"embeddable":true,"href":"https:\/\/entrenotasyacordes.com\/index.php?rest_route=%2Fwp%2Fv2%2Fcomments&post=9791"}],"version-history":[{"count":1,"href":"https:\/\/entrenotasyacordes.com\/index.php?rest_route=\/wp\/v2\/posts\/9791\/revisions"}],"predecessor-version":[{"id":9795,"href":"https:\/\/entrenotasyacordes.com\/index.php?rest_route=\/wp\/v2\/posts\/9791\/revisions\/9795"}],"wp:featuredmedia":[{"embeddable":true,"href":"https:\/\/entrenotasyacordes.com\/index.php?rest_route=\/wp\/v2\/media\/9283"}],"wp:attachment":[{"href":"https:\/\/entrenotasyacordes.com\/index.php?rest_route=%2Fwp%2Fv2%2Fmedia&parent=9791"}],"wp:term":[{"taxonomy":"category","embeddable":true,"href":"https:\/\/entrenotasyacordes.com\/index.php?rest_route=%2Fwp%2Fv2%2Fcategories&post=9791"},{"taxonomy":"post_tag","embeddable":true,"href":"https:\/\/entrenotasyacordes.com\/index.php?rest_route=%2Fwp%2Fv2%2Ftags&post=9791"}],"curies":[{"name":"wp","href":"https:\/\/api.w.org\/{rel}","templated":true}]}}