{"id":9796,"date":"2024-07-15T17:30:09","date_gmt":"2024-07-15T17:30:09","guid":{"rendered":"https:\/\/entrenotasyacordes.com\/?p=9796"},"modified":"2024-07-15T17:30:10","modified_gmt":"2024-07-15T17:30:10","slug":"proximos-eventos-teatro-flores-y-el-teatrito","status":"publish","type":"post","link":"https:\/\/entrenotasyacordes.com\/?p=9796","title":{"rendered":"Pr\u00f3ximos eventos Teatro Flores y El Teatrito"},"content":{"rendered":"\n<!--more-->\n\n\n\n<div class=\"wp-block-columns is-layout-flex wp-container-core-columns-is-layout-28f84493 wp-block-columns-is-layout-flex\">\n<div class=\"wp-block-column is-layout-flow wp-block-column-is-layout-flow\">\n<p><strong><u>VIERNES 19 DE JULIO<\/u><\/strong><\/p>\n\n\n\n<p>TAYLOR FEST<br>VIERNES 19 DE JULIO \u2013 23:55HS<br>EL TEATRITO \u2013 SARMIENTO 1752<br>ENTRADAS A LA VENTA EN\u00a0WWW.PASSLINE.COM<\/p>\n<\/div>\n\n\n\n<div class=\"wp-block-column is-layout-flow wp-block-column-is-layout-flow\">\n<figure class=\"wp-block-image size-full is-resized\"><img loading=\"lazy\" decoding=\"async\" width=\"347\" height=\"347\" src=\"https:\/\/entrenotasyacordes.com\/wp-content\/uploads\/2024\/07\/12f.jpg\" alt=\"\" class=\"wp-image-9797\" style=\"width:309px;height:auto\" srcset=\"https:\/\/entrenotasyacordes.com\/wp-content\/uploads\/2024\/07\/12f.jpg 347w, https:\/\/entrenotasyacordes.com\/wp-content\/uploads\/2024\/07\/12f-300x300.jpg 300w, https:\/\/entrenotasyacordes.com\/wp-content\/uploads\/2024\/07\/12f-150x150.jpg 150w, https:\/\/entrenotasyacordes.com\/wp-content\/uploads\/2024\/07\/12f-50x50.jpg 50w\" sizes=\"auto, (max-width: 347px) 100vw, 347px\" \/><\/figure>\n<\/div>\n<\/div>\n\n\n\n<p><strong>SABADO 20 DE JULIO<\/strong><\/p>\n\n\n\n<div class=\"wp-block-columns is-layout-flex wp-container-core-columns-is-layout-28f84493 wp-block-columns-is-layout-flex\">\n<div class=\"wp-block-column is-layout-flow wp-block-column-is-layout-flow\"><div class=\"wp-block-image\">\n<figure class=\"aligncenter size-full\"><img loading=\"lazy\" decoding=\"async\" width=\"347\" height=\"347\" src=\"https:\/\/entrenotasyacordes.com\/wp-content\/uploads\/2024\/07\/12ff.jpg\" alt=\"\" class=\"wp-image-9798\" srcset=\"https:\/\/entrenotasyacordes.com\/wp-content\/uploads\/2024\/07\/12ff.jpg 347w, https:\/\/entrenotasyacordes.com\/wp-content\/uploads\/2024\/07\/12ff-300x300.jpg 300w, https:\/\/entrenotasyacordes.com\/wp-content\/uploads\/2024\/07\/12ff-150x150.jpg 150w, https:\/\/entrenotasyacordes.com\/wp-content\/uploads\/2024\/07\/12ff-50x50.jpg 50w\" sizes=\"auto, (max-width: 347px) 100vw, 347px\" \/><\/figure>\n<\/div>\n\n\n<p>LOS P\u00c9REZ GARC\u00cdA<br>S\u00c1BADO 20 DE JULIO \u2013 19:00HS<br>TEATRO FLORES \u2013 AV. RIVADAVIA 7806<br>ENTRADAS A LA VENTA EN\u00a0<a href=\"http:\/\/www.passline.com\/\">WWW.PASSLINE.COM<\/a><\/p>\n<\/div>\n\n\n\n<div class=\"wp-block-column is-layout-flow wp-block-column-is-layout-flow\"><div class=\"wp-block-image\">\n<figure class=\"aligncenter size-full\"><img loading=\"lazy\" decoding=\"async\" width=\"347\" height=\"347\" src=\"https:\/\/entrenotasyacordes.com\/wp-content\/uploads\/2024\/07\/12fff.jpg\" alt=\"\" class=\"wp-image-9799\" srcset=\"https:\/\/entrenotasyacordes.com\/wp-content\/uploads\/2024\/07\/12fff.jpg 347w, https:\/\/entrenotasyacordes.com\/wp-content\/uploads\/2024\/07\/12fff-300x300.jpg 300w, https:\/\/entrenotasyacordes.com\/wp-content\/uploads\/2024\/07\/12fff-150x150.jpg 150w, https:\/\/entrenotasyacordes.com\/wp-content\/uploads\/2024\/07\/12fff-50x50.jpg 50w\" sizes=\"auto, (max-width: 347px) 100vw, 347px\" \/><\/figure>\n<\/div>\n\n\n<p>TRIBUTO V8<br>JAVIER KANARIO + GUSTAVO ROWEK + SERGIO BERDICHEVSKY + BETO CERIOTTI<br>BANDAS INVITADAS: VIEJAS RUNAS + GAUCHOS DEL INFIERNO + LEGIONARIO<br>S\u00c1BADO 20 DE JULIO \u2013 19:00HS<br>EL TEATRITO \u2013 SARMIENTO 1752<br>ENTRADAS A LA VENTA EN\u00a0<a href=\"http:\/\/www.passline.com\/\">WWW.PASSLINE.COM<\/a><\/p>\n<\/div>\n\n\n\n<div class=\"wp-block-column is-layout-flow wp-block-column-is-layout-flow\"><div class=\"wp-block-image\">\n<figure class=\"aligncenter size-full\"><img loading=\"lazy\" decoding=\"async\" width=\"347\" height=\"347\" src=\"https:\/\/entrenotasyacordes.com\/wp-content\/uploads\/2024\/07\/12ffff.jpg\" alt=\"\" class=\"wp-image-9800\" srcset=\"https:\/\/entrenotasyacordes.com\/wp-content\/uploads\/2024\/07\/12ffff.jpg 347w, https:\/\/entrenotasyacordes.com\/wp-content\/uploads\/2024\/07\/12ffff-300x300.jpg 300w, https:\/\/entrenotasyacordes.com\/wp-content\/uploads\/2024\/07\/12ffff-150x150.jpg 150w, https:\/\/entrenotasyacordes.com\/wp-content\/uploads\/2024\/07\/12ffff-50x50.jpg 50w\" sizes=\"auto, (max-width: 347px) 100vw, 347px\" \/><\/figure>\n<\/div>\n\n\n<p>LA REINA<br>EN VIVO: SUPERL\u00d3GICO + ESCAL\u00d3PEZ<br>S\u00c1BADO 20 DE JULIO \u2013 23:00HS<br>TEATRO FLORES \u2013 AV. RIVADAVIA 7806<br>ENTRADAS A LA VENTA EN\u00a0<a href=\"http:\/\/www.passline.com\/\">WWW.PASSLINE.COM<\/a><\/p>\n<\/div>\n<\/div>\n\n\n\n<p><strong>DOMINGO 21 DE JULIO<\/strong>&nbsp;<\/p>\n\n\n\n<div class=\"wp-block-columns is-layout-flex wp-container-core-columns-is-layout-28f84493 wp-block-columns-is-layout-flex\">\n<div class=\"wp-block-column is-layout-flow wp-block-column-is-layout-flow\">\n<p>FESTIVAL LA CABRONA<br>EN VIVO: GUSTY DJ + ALEJO ISAK + SALAS + EL POLACO<br>DOMINGO 21 DE JULIO \u2013 19:00HS<br>TEATRO FLORES \u2013 AV. RIVADAVIA 7806<br>ENTRADAS A LA VENTA EN\u00a0<a href=\"http:\/\/www.passline.com\/\">WWW.PASSLINE.COM<\/a><\/p>\n<\/div>\n\n\n\n<div class=\"wp-block-column is-layout-flow wp-block-column-is-layout-flow\">\n<figure class=\"wp-block-image size-full is-resized\"><img loading=\"lazy\" decoding=\"async\" width=\"347\" height=\"347\" src=\"https:\/\/entrenotasyacordes.com\/wp-content\/uploads\/2024\/07\/12fffff.jpg\" alt=\"\" class=\"wp-image-9801\" style=\"width:301px;height:auto\" srcset=\"https:\/\/entrenotasyacordes.com\/wp-content\/uploads\/2024\/07\/12fffff.jpg 347w, https:\/\/entrenotasyacordes.com\/wp-content\/uploads\/2024\/07\/12fffff-300x300.jpg 300w, https:\/\/entrenotasyacordes.com\/wp-content\/uploads\/2024\/07\/12fffff-150x150.jpg 150w, https:\/\/entrenotasyacordes.com\/wp-content\/uploads\/2024\/07\/12fffff-50x50.jpg 50w\" sizes=\"auto, (max-width: 347px) 100vw, 347px\" \/><\/figure>\n<\/div>\n<\/div>\n","protected":false},"excerpt":{"rendered":"","protected":false},"author":5,"featured_media":9797,"comment_status":"open","ping_status":"open","sticky":false,"template":"","format":"standard","meta":{"om_disable_all_campaigns":false,"_uf_show_specific_survey":0,"_uf_disable_surveys":false,"footnotes":""},"categories":[36],"tags":[],"class_list":["post-9796","post","type-post","status-publish","format-standard","has-post-thumbnail","hentry","category-conciertos"],"_links":{"self":[{"href":"https:\/\/entrenotasyacordes.com\/index.php?rest_route=\/wp\/v2\/posts\/9796","targetHints":{"allow":["GET"]}}],"collection":[{"href":"https:\/\/entrenotasyacordes.com\/index.php?rest_route=\/wp\/v2\/posts"}],"about":[{"href":"https:\/\/entrenotasyacordes.com\/index.php?rest_route=\/wp\/v2\/types\/post"}],"author":[{"embeddable":true,"href":"https:\/\/entrenotasyacordes.com\/index.php?rest_route=\/wp\/v2\/users\/5"}],"replies":[{"embeddable":true,"href":"https:\/\/entrenotasyacordes.com\/index.php?rest_route=%2Fwp%2Fv2%2Fcomments&post=9796"}],"version-history":[{"count":1,"href":"https:\/\/entrenotasyacordes.com\/index.php?rest_route=\/wp\/v2\/posts\/9796\/revisions"}],"predecessor-version":[{"id":9802,"href":"https:\/\/entrenotasyacordes.com\/index.php?rest_route=\/wp\/v2\/posts\/9796\/revisions\/9802"}],"wp:featuredmedia":[{"embeddable":true,"href":"https:\/\/entrenotasyacordes.com\/index.php?rest_route=\/wp\/v2\/media\/9797"}],"wp:attachment":[{"href":"https:\/\/entrenotasyacordes.com\/index.php?rest_route=%2Fwp%2Fv2%2Fmedia&parent=9796"}],"wp:term":[{"taxonomy":"category","embeddable":true,"href":"https:\/\/entrenotasyacordes.com\/index.php?rest_route=%2Fwp%2Fv2%2Fcategories&post=9796"},{"taxonomy":"post_tag","embeddable":true,"href":"https:\/\/entrenotasyacordes.com\/index.php?rest_route=%2Fwp%2Fv2%2Ftags&post=9796"}],"curies":[{"name":"wp","href":"https:\/\/api.w.org\/{rel}","templated":true}]}}