{"id":9808,"date":"2024-07-16T18:53:51","date_gmt":"2024-07-16T18:53:51","guid":{"rendered":"https:\/\/entrenotasyacordes.com\/?p=9808"},"modified":"2024-07-16T18:57:36","modified_gmt":"2024-07-16T18:57:36","slug":"marisa-mere-cantante-y-compositora-del-rock-se-presentara-el-18-de-octubre-en-the-roxy-bar-grill","status":"publish","type":"post","link":"https:\/\/entrenotasyacordes.com\/?p=9808","title":{"rendered":"Marisa Mere cantante y compositora del rock se presentar\u00e1 el 18 de Octubre en The Roxy Bar &amp; Grill"},"content":{"rendered":"\n<!--more-->\n\n\n<div class=\"wp-block-image\">\n<figure class=\"aligncenter size-full is-resized\"><img loading=\"lazy\" decoding=\"async\" width=\"1126\" height=\"1600\" src=\"https:\/\/entrenotasyacordes.com\/wp-content\/uploads\/2024\/07\/13a.jpeg\" alt=\"\" class=\"wp-image-9809\" style=\"width:727px;height:auto\" srcset=\"https:\/\/entrenotasyacordes.com\/wp-content\/uploads\/2024\/07\/13a.jpeg 1126w, https:\/\/entrenotasyacordes.com\/wp-content\/uploads\/2024\/07\/13a-211x300.jpeg 211w, https:\/\/entrenotasyacordes.com\/wp-content\/uploads\/2024\/07\/13a-721x1024.jpeg 721w, https:\/\/entrenotasyacordes.com\/wp-content\/uploads\/2024\/07\/13a-768x1091.jpeg 768w, https:\/\/entrenotasyacordes.com\/wp-content\/uploads\/2024\/07\/13a-1081x1536.jpeg 1081w, https:\/\/entrenotasyacordes.com\/wp-content\/uploads\/2024\/07\/13a-1024x1455.jpeg 1024w\" sizes=\"auto, (max-width: 1126px) 100vw, 1126px\" \/><\/figure>\n<\/div>\n\n\n<p class=\"has-text-align-left\"><strong>Marisa Mere<\/strong>, artista argentina polifac\u00e9tica que se desarrolla principalmente como cantante, compositora y autora, bailarina, coreuta, guitarrista, arregladora y coach vocal, adem\u00e1s de actriz.<\/p>\n\n\n\n<p class=\"has-text-align-left\"><strong>Mere<\/strong>\u00a0es cantante, guitarrista y coach vocal de\u00a0<strong>Fabiana Cantilo<\/strong>, de quien su \u00faltima presentaci\u00f3n fue en el m\u00edtico Luna Park.<\/p>\n\n\n\n<p class=\"has-text-align-left\">Mere y su banda presentar\u00e1n sus canciones en\u00a0<strong>The Roxy Bar &amp; Grill,\u00a0<\/strong>el 18 de octubre a las 20hs.<\/p>\n\n\n\n<p class=\"has-text-align-left\">En la tercera parada de su\u00a0<strong>\u201cM\u00c1GICA TOUR\u201d<\/strong>, Mere cantar\u00e1 temas de sus trabajos discogr\u00e1ficos y algunos cl\u00e1sicos del rock y el pop. Adem\u00e1s de presentar sus \u00faltimos singles<strong>\u00a0MAGICA y VER PARA CREER.\u00a0<\/strong> <\/p>\n\n\n\n<p class=\"has-text-align-left\"><strong>Mere<\/strong>\u00a0festejar\u00e1 tambi\u00e9n su cumplea\u00f1os en\u00a0<strong>The Roxy,<\/strong>\u00a0por lo que habr\u00e1 invitados y artistas especiales.\u00a0<br>Su banda est\u00e1 compuesta por:<strong>\u00a0Silvio Ottolini<\/strong>\u00a0en bater\u00eda,\u00a0<strong>Gonzalo Jim\u00e9nez\u00a0<\/strong>en bajo,\u00a0<strong>Dar\u00edo Casciaro y Agust\u00edn Ferro\u00a0<\/strong>en guitarras.<\/p>\n\n\n<div class=\"wp-block-image\">\n<figure class=\"aligncenter size-full is-resized\"><img loading=\"lazy\" decoding=\"async\" width=\"1430\" height=\"1600\" src=\"https:\/\/entrenotasyacordes.com\/wp-content\/uploads\/2024\/07\/13aa.jpeg\" alt=\"\" class=\"wp-image-9810\" style=\"width:727px;height:auto\" srcset=\"https:\/\/entrenotasyacordes.com\/wp-content\/uploads\/2024\/07\/13aa.jpeg 1430w, https:\/\/entrenotasyacordes.com\/wp-content\/uploads\/2024\/07\/13aa-268x300.jpeg 268w, https:\/\/entrenotasyacordes.com\/wp-content\/uploads\/2024\/07\/13aa-915x1024.jpeg 915w, https:\/\/entrenotasyacordes.com\/wp-content\/uploads\/2024\/07\/13aa-768x859.jpeg 768w, https:\/\/entrenotasyacordes.com\/wp-content\/uploads\/2024\/07\/13aa-1373x1536.jpeg 1373w, https:\/\/entrenotasyacordes.com\/wp-content\/uploads\/2024\/07\/13aa-1024x1146.jpeg 1024w\" sizes=\"auto, (max-width: 1430px) 100vw, 1430px\" \/><\/figure>\n<\/div>\n\n\n<p><em>\u201cLos coros de Mere se elevaron al mejor estilo Clare Torry en The Great Gig in The Sky de Pink Floyd\u201d, dijo Marcelo Fern\u00e1ndez Bitar sobre su relevante participaci\u00f3n en la presentaci\u00f3n de Fabiana Cantilo en el Luna Park<\/em><\/p>\n\n\n\n<p>En el mes de mayo lanz\u00f3\u00a0<strong>`Ver para Creer`<\/strong>\u00a0y en \u00a0Febrero del 2024\u201d\u00a0<strong>`M\u00e1gica`\u201d<\/strong>, grabado en los estudios WOMAN junto al \u00a0video clip\u00a0<strong>`MAKING M\u00c1GICA`.<\/strong><\/p>\n\n\n\n<p>En su trayectoria musical, Marisa cuenta con dos discos\u00a0<strong>`Ensue\u00f1o`(2003) y `Tiempo de volver` (2014).\u00a0<\/strong><\/p>\n\n\n\n<p>En 2020 lanzo 7 singles encabezados por\u00a0<strong>\u201cKms de distancia\u201d<\/strong>. Le siguieron:<strong>\u00a0`No insistas`<\/strong>,<strong>\u00a0`El Mundo del Rev\u00e9s`, `Nada es igual sin ti`, `Noches vacias`, `Traicion` y `Primavera`.<\/strong><\/p>\n\n\n\n<p>En 2023, Marisa fue\u00a0<strong>nominada<\/strong>\u00a0como autora en la categor\u00eda\u00a0<strong>`Cancion original`<\/strong>, en la\u00a0<strong>71 entrega del Condor de Plata<\/strong>, por\u00a0<strong>`Ya no quiero`<\/strong>, compuesta en coautor\u00eda con Fabiana Cantilo para la pel\u00edcula\u00a0<strong>`Existir`<\/strong>, dirigida por\u00a0<strong>Gabriel Grieco.<\/strong><\/p>\n\n\n\n<p>Tambi\u00e9n despleg\u00f3 su faceta como\u00a0<strong>actriz<\/strong>\u00a0cuando Cantilo la convoc\u00f3 para su film,\u00a0<strong>\u201cL\u00e1grimas de fuego\u201d<\/strong>, donde Mere interpret\u00f3 un personaje y compuso parte de la m\u00fasica de la pel\u00edcula que se estrenar\u00e1 pr\u00f3ximamente.<\/p>\n\n\n\n<p>Marisa trabaj\u00f3 con grandes figuras de la industria nacional e internacional como\u00a0<strong>Miguel Zabaleta, Su\u00e9ter, Marcelo Moura, Marilina Ross, Claudia Puyo, Celeste Carballo, Manuel Wirtz, Lali Esposito, Vilma Palma e Vampiros, Pimpinela<\/strong>, entre otros.<\/p>\n","protected":false},"excerpt":{"rendered":"","protected":false},"author":5,"featured_media":9809,"comment_status":"open","ping_status":"open","sticky":false,"template":"","format":"standard","meta":{"om_disable_all_campaigns":false,"_uf_show_specific_survey":0,"_uf_disable_surveys":false,"footnotes":""},"categories":[36],"tags":[],"class_list":["post-9808","post","type-post","status-publish","format-standard","has-post-thumbnail","hentry","category-conciertos"],"_links":{"self":[{"href":"https:\/\/entrenotasyacordes.com\/index.php?rest_route=\/wp\/v2\/posts\/9808","targetHints":{"allow":["GET"]}}],"collection":[{"href":"https:\/\/entrenotasyacordes.com\/index.php?rest_route=\/wp\/v2\/posts"}],"about":[{"href":"https:\/\/entrenotasyacordes.com\/index.php?rest_route=\/wp\/v2\/types\/post"}],"author":[{"embeddable":true,"href":"https:\/\/entrenotasyacordes.com\/index.php?rest_route=\/wp\/v2\/users\/5"}],"replies":[{"embeddable":true,"href":"https:\/\/entrenotasyacordes.com\/index.php?rest_route=%2Fwp%2Fv2%2Fcomments&post=9808"}],"version-history":[{"count":1,"href":"https:\/\/entrenotasyacordes.com\/index.php?rest_route=\/wp\/v2\/posts\/9808\/revisions"}],"predecessor-version":[{"id":9811,"href":"https:\/\/entrenotasyacordes.com\/index.php?rest_route=\/wp\/v2\/posts\/9808\/revisions\/9811"}],"wp:featuredmedia":[{"embeddable":true,"href":"https:\/\/entrenotasyacordes.com\/index.php?rest_route=\/wp\/v2\/media\/9809"}],"wp:attachment":[{"href":"https:\/\/entrenotasyacordes.com\/index.php?rest_route=%2Fwp%2Fv2%2Fmedia&parent=9808"}],"wp:term":[{"taxonomy":"category","embeddable":true,"href":"https:\/\/entrenotasyacordes.com\/index.php?rest_route=%2Fwp%2Fv2%2Fcategories&post=9808"},{"taxonomy":"post_tag","embeddable":true,"href":"https:\/\/entrenotasyacordes.com\/index.php?rest_route=%2Fwp%2Fv2%2Ftags&post=9808"}],"curies":[{"name":"wp","href":"https:\/\/api.w.org\/{rel}","templated":true}]}}