{"id":9824,"date":"2024-07-17T21:36:00","date_gmt":"2024-07-17T21:36:00","guid":{"rendered":"https:\/\/entrenotasyacordes.com\/?p=9824"},"modified":"2024-07-17T21:36:01","modified_gmt":"2024-07-17T21:36:01","slug":"la-banda-de-cumbia-numero-uno-de-argentina-llega-el-25-de-octubre-al-gran-rex-rafaga-hace-bailar-a-la-calle-corrientes","status":"publish","type":"post","link":"https:\/\/entrenotasyacordes.com\/?p=9824","title":{"rendered":"La banda de cumbia n\u00famero uno de Argentina llega el 25 de octubre al Gran Rex \u00a1R\u00c1FAGA HACE BAILAR A LA CALLE CORRIENTES!"},"content":{"rendered":"\n<!--more-->\n\n\n<div class=\"wp-block-image\">\n<figure class=\"aligncenter size-full is-resized\"><img loading=\"lazy\" decoding=\"async\" width=\"1080\" height=\"1080\" src=\"https:\/\/entrenotasyacordes.com\/wp-content\/uploads\/2024\/07\/14a.jpg\" alt=\"\" class=\"wp-image-9825\" style=\"width:607px;height:auto\" srcset=\"https:\/\/entrenotasyacordes.com\/wp-content\/uploads\/2024\/07\/14a.jpg 1080w, https:\/\/entrenotasyacordes.com\/wp-content\/uploads\/2024\/07\/14a-300x300.jpg 300w, https:\/\/entrenotasyacordes.com\/wp-content\/uploads\/2024\/07\/14a-1024x1024.jpg 1024w, https:\/\/entrenotasyacordes.com\/wp-content\/uploads\/2024\/07\/14a-150x150.jpg 150w, https:\/\/entrenotasyacordes.com\/wp-content\/uploads\/2024\/07\/14a-768x768.jpg 768w, https:\/\/entrenotasyacordes.com\/wp-content\/uploads\/2024\/07\/14a-50x50.jpg 50w\" sizes=\"auto, (max-width: 1080px) 100vw, 1080px\" \/><\/figure>\n<\/div>\n\n\n<p class=\"has-text-align-center\"><strong>25 DE OCTUBRE<\/strong><br><strong>TEATRO GRAN REX<\/strong><br><strong>ENTRADAS A LA VENTA A PARTIR DEL VIERNES 19 DE JULIO A LAS 12HS \u00a0A TRAV\u00c9S DE TUENTRADA<\/strong><\/p>\n\n\n\n<p class=\"has-text-align-left\">R\u00e1faga, el grupo de cumbia m\u00e1s ic\u00f3nico de Argentina y pioneros en llevar este g\u00e9nero musical a escenarios internacionales, estableciendo un legado que ha influenciado a generaciones posteriores de m\u00fasicos en toda Latinoam\u00e9rica llega a Buenos Aires para hacer bailar a la calle Corrientes. El pr\u00f3ximo 25 de octubre se presentar\u00e1n para hacer un repaso por sus treinta a\u00f1os de carrera e innumerables hits que forman parte de la cultura del pa\u00eds.<\/p>\n\n\n\n<p class=\"has-text-align-left\">Su \u00faltimo lanzamiento fue con el d\u00fao de m\u00fasica urbana ROZE para lanzar el nuevo movimiento con estreno de single y videoclip titulado \u00abEsc\u00e1ndalo\u00bb con el inconfundible estilo de RAFAGA y la frescura y energ\u00eda de ROZE, creando una fusi\u00f3n \u00fanica.<\/p>\n\n\n\n<p>Su m\u00fasica ha conquistado audiencias no solo en Am\u00e9rica Latina, sino tambi\u00e9n en Europa, Estados Unidos, Australia y m\u00e1s all\u00e1. La banda se destaca como el epicentro de colaboraciones musicales que trascienden g\u00e9neros y generaciones. Desde \u00e9xitos como \u00abMentirosa Remix\u00bb con Mar\u00eda Becerra (super\u00f3 los 50 millones de vistas, permaneciendo en el top 50 de videos musicales m\u00e1s populares durante m\u00e1s de cinco meses)&nbsp; hasta \u00abNoche de Estrellas\u00bb con J Mena, R\u00c1FAGA demuestra su capacidad para reinventarse y fusionar talentos de manera \u00fanica. Con hits inmortales como \u00abRafaga de Amor\u00bb, \u00abLa Luna y tu\u00bb y \u00abUna Cerveza\u00bb, R\u00c1FAGA ha alcanzado cifras impresionantes en plataformas digitales, acumulando m\u00e1s de 90 millones de visitas en YouTube y posicionando m\u00faltiples canciones entre las mejores 30 de las plataformas digitales.<\/p>\n\n\n\n<p>La banda est\u00e1 formada por como Ariel Puchetta (voz), Raul \u201cRichard\u201d Rosales (guitarra), Ulises Pi\u00f1eyro (g\u00fciro), Juan Carlos \u201cCoco\u201d Fusco (bajo), Marcelo \u201cPollo\u201d Rodr\u00edguez (congas) y Omar Morel (bater\u00eda), R\u00e1faga ha trascendido las barreras sociales con sus canciones, que contin\u00faan siendo un llamado irresistible a la celebraci\u00f3n y la alegr\u00eda. La banda no solo mira hacia atr\u00e1s con gratitud, sino que tambi\u00e9n mira hacia adelante, listos para seguir marcando la pauta en la m\u00fasica latina.<\/p>\n","protected":false},"excerpt":{"rendered":"","protected":false},"author":5,"featured_media":9825,"comment_status":"open","ping_status":"open","sticky":false,"template":"","format":"standard","meta":{"om_disable_all_campaigns":false,"_uf_show_specific_survey":0,"_uf_disable_surveys":false,"footnotes":""},"categories":[36],"tags":[],"class_list":["post-9824","post","type-post","status-publish","format-standard","has-post-thumbnail","hentry","category-conciertos"],"_links":{"self":[{"href":"https:\/\/entrenotasyacordes.com\/index.php?rest_route=\/wp\/v2\/posts\/9824","targetHints":{"allow":["GET"]}}],"collection":[{"href":"https:\/\/entrenotasyacordes.com\/index.php?rest_route=\/wp\/v2\/posts"}],"about":[{"href":"https:\/\/entrenotasyacordes.com\/index.php?rest_route=\/wp\/v2\/types\/post"}],"author":[{"embeddable":true,"href":"https:\/\/entrenotasyacordes.com\/index.php?rest_route=\/wp\/v2\/users\/5"}],"replies":[{"embeddable":true,"href":"https:\/\/entrenotasyacordes.com\/index.php?rest_route=%2Fwp%2Fv2%2Fcomments&post=9824"}],"version-history":[{"count":1,"href":"https:\/\/entrenotasyacordes.com\/index.php?rest_route=\/wp\/v2\/posts\/9824\/revisions"}],"predecessor-version":[{"id":9826,"href":"https:\/\/entrenotasyacordes.com\/index.php?rest_route=\/wp\/v2\/posts\/9824\/revisions\/9826"}],"wp:featuredmedia":[{"embeddable":true,"href":"https:\/\/entrenotasyacordes.com\/index.php?rest_route=\/wp\/v2\/media\/9825"}],"wp:attachment":[{"href":"https:\/\/entrenotasyacordes.com\/index.php?rest_route=%2Fwp%2Fv2%2Fmedia&parent=9824"}],"wp:term":[{"taxonomy":"category","embeddable":true,"href":"https:\/\/entrenotasyacordes.com\/index.php?rest_route=%2Fwp%2Fv2%2Fcategories&post=9824"},{"taxonomy":"post_tag","embeddable":true,"href":"https:\/\/entrenotasyacordes.com\/index.php?rest_route=%2Fwp%2Fv2%2Ftags&post=9824"}],"curies":[{"name":"wp","href":"https:\/\/api.w.org\/{rel}","templated":true}]}}