{"id":9827,"date":"2024-07-17T21:39:01","date_gmt":"2024-07-17T21:39:01","guid":{"rendered":"https:\/\/entrenotasyacordes.com\/?p=9827"},"modified":"2024-07-17T21:57:29","modified_gmt":"2024-07-17T21:57:29","slug":"por-una-sola-noche-the-weeknd-presenta-un-concierto-unico-nunca-antes-visto-en-san-pablo","status":"publish","type":"post","link":"https:\/\/entrenotasyacordes.com\/?p=9827","title":{"rendered":"POR UNA SOLA NOCHE, THE WEEKND PRESENTA UN CONCIERTO \u00daNICO, NUNCA ANTES VISTO, EN SAN PABLO"},"content":{"rendered":"\n<!--more-->\n\n\n<div class=\"wp-block-image\">\n<figure class=\"aligncenter size-full is-resized\"><img loading=\"lazy\" decoding=\"async\" width=\"509\" height=\"511\" src=\"https:\/\/entrenotasyacordes.com\/wp-content\/uploads\/2024\/07\/14b.jpeg\" alt=\"\" class=\"wp-image-9828\" style=\"width:607px;height:auto\" srcset=\"https:\/\/entrenotasyacordes.com\/wp-content\/uploads\/2024\/07\/14b.jpeg 509w, https:\/\/entrenotasyacordes.com\/wp-content\/uploads\/2024\/07\/14b-300x300.jpeg 300w, https:\/\/entrenotasyacordes.com\/wp-content\/uploads\/2024\/07\/14b-150x150.jpeg 150w, https:\/\/entrenotasyacordes.com\/wp-content\/uploads\/2024\/07\/14b-50x50.jpeg 50w\" sizes=\"auto, (max-width: 509px) 100vw, 509px\" \/><\/figure>\n<\/div>\n\n\n<p class=\"has-text-align-center\"><strong>7 DE SEPTIEMBRE | ESTADIO MORUMBIS &#8211; SAN PABLO, BRASIL<\/strong><\/p>\n\n\n\n<p class=\"has-text-align-left\"><strong>Buenos Aires, 17 de julio de 2024.&nbsp;<\/strong>The Weeknd anunci\u00f3 hoy un exclusivo concierto \u00fanico en el&nbsp;<strong>Estadio MorumBIS, en San Pablo, Brasil. El show ser\u00e1 el s\u00e1bado 7 de septiembre de 2024<\/strong>, donde el artista presentar\u00e1 una producci\u00f3n nunca antes vista.<\/p>\n\n\n\n<p>La presentaci\u00f3n, producida por\u00a0<strong>Live Nation<\/strong>, sigue la exitosa gira mundial\u00a0<em>After Hours \u2018Til Dawn<\/em>\u00a0del 2022\/2023 de The Weeknd, que tuvo un \u00e9xito incre\u00edble en Argentina con dos presentaciones en el Estadio River Plate, as\u00ed como tambi\u00e9n en otros pa\u00edses de Latinoam\u00e9rica, Am\u00e9rica del Norte, Europa y el Reino Unido a, con m\u00e1s de 60 fechas agotadas en estadios y m\u00e1s de 3 millones de asistentes.<\/p>\n\n\n\n<p><strong>Las venta general para este show \u00fanico estar\u00e1 disponible desde el 25 de julio a trav\u00e9s de\u00a0<a href=\"https:\/\/instagramc.tr.pemsv30.net\/c\/eyJhIjoiaW5zdGFncmFtYyIsIm0iOiJtYWlsX2NseXFkcjRqZG1hejUwNzA5dXZxeml1MGQiLCJsIjoibGlua184NmZkYjE4NDY2ZWNjOGZjNjMxMjU4ZmQyYzVjMDUzMzA4ZWJkYTAwX2NjOGFmOSIsImkiOltdLCJ1Ijoid3d3LnRpY2tldG1hc3Rlci5jb20uYnI_dXRtX3NvdXJjZT1wZXJmaXQmdXRtX21lZGl1bT1lbWFpbCZ1dG1fY2FtcGFpZ249VEhFJTIwV0VFS05EJTIwJTdDJTIwU0hPVyUyMFNBTiUyMFBBQkxPIiwiYyI6IiIsImgiOiI5YmVlNjEifQ\">www.ticketmaster.com.br<\/a>\u00a0desde las 10:00 horas (Argentina).<\/strong><\/p>\n\n\n\n<p class=\"has-text-align-left\">Abel \u00abThe Weeknd\u00bb Tesfaye, Embajador del Programa Mundial de Alimentos de las Naciones Unidas, se asociar\u00e1 nuevamente con el Programa Mundial de Alimentos de la ONU para contribuir con fondos del espect\u00e1culo de San Pablo al XO Humanitarian Fund, que apoya la respuesta de la organizaci\u00f3n a la crisis mundial del hambre sin precedentes. El equivalente en reales de 1 USD de cada boleto vendido se destinar\u00e1 a esta importante causa.<\/p>\n","protected":false},"excerpt":{"rendered":"","protected":false},"author":5,"featured_media":9828,"comment_status":"open","ping_status":"open","sticky":false,"template":"","format":"standard","meta":{"om_disable_all_campaigns":false,"_uf_show_specific_survey":0,"_uf_disable_surveys":false,"footnotes":""},"categories":[36],"tags":[],"class_list":["post-9827","post","type-post","status-publish","format-standard","has-post-thumbnail","hentry","category-conciertos"],"_links":{"self":[{"href":"https:\/\/entrenotasyacordes.com\/index.php?rest_route=\/wp\/v2\/posts\/9827","targetHints":{"allow":["GET"]}}],"collection":[{"href":"https:\/\/entrenotasyacordes.com\/index.php?rest_route=\/wp\/v2\/posts"}],"about":[{"href":"https:\/\/entrenotasyacordes.com\/index.php?rest_route=\/wp\/v2\/types\/post"}],"author":[{"embeddable":true,"href":"https:\/\/entrenotasyacordes.com\/index.php?rest_route=\/wp\/v2\/users\/5"}],"replies":[{"embeddable":true,"href":"https:\/\/entrenotasyacordes.com\/index.php?rest_route=%2Fwp%2Fv2%2Fcomments&post=9827"}],"version-history":[{"count":2,"href":"https:\/\/entrenotasyacordes.com\/index.php?rest_route=\/wp\/v2\/posts\/9827\/revisions"}],"predecessor-version":[{"id":9841,"href":"https:\/\/entrenotasyacordes.com\/index.php?rest_route=\/wp\/v2\/posts\/9827\/revisions\/9841"}],"wp:featuredmedia":[{"embeddable":true,"href":"https:\/\/entrenotasyacordes.com\/index.php?rest_route=\/wp\/v2\/media\/9828"}],"wp:attachment":[{"href":"https:\/\/entrenotasyacordes.com\/index.php?rest_route=%2Fwp%2Fv2%2Fmedia&parent=9827"}],"wp:term":[{"taxonomy":"category","embeddable":true,"href":"https:\/\/entrenotasyacordes.com\/index.php?rest_route=%2Fwp%2Fv2%2Fcategories&post=9827"},{"taxonomy":"post_tag","embeddable":true,"href":"https:\/\/entrenotasyacordes.com\/index.php?rest_route=%2Fwp%2Fv2%2Ftags&post=9827"}],"curies":[{"name":"wp","href":"https:\/\/api.w.org\/{rel}","templated":true}]}}