{"id":9830,"date":"2024-07-17T21:45:26","date_gmt":"2024-07-17T21:45:26","guid":{"rendered":"https:\/\/entrenotasyacordes.com\/?p=9830"},"modified":"2024-07-17T21:45:28","modified_gmt":"2024-07-17T21:45:28","slug":"innovacion-artistica-en-san-telmo-fogata-performance-live-set-2-ultimas-funciones","status":"publish","type":"post","link":"https:\/\/entrenotasyacordes.com\/?p=9830","title":{"rendered":"Innovaci\u00f3n art\u00edstica en San Telmo | FOGATA | Performance &amp; Live set | 2 \u00faltimas funciones"},"content":{"rendered":"\n<!--more-->\n\n\n\n<p class=\"has-text-align-center\">No te pierdas la oportunidad de vivir una experiencia art\u00edstica en\u00a0<strong>HAB.19<\/strong><br><strong>HAB.19<\/strong>\u00a0es una de las habitaciones dentro de la\u00a0<a class=\"\" href=\"https:\/\/buenosaires.gob.ar\/cultura\/casco-historico\/galeria-del-viejo-hotel\"><u>Galer\u00eda del Viejo Hotel<\/u><\/a>\u00a0que funcionaba como un hotel de inmigrantes.<br>Una habitaci\u00f3n de 14 m\u00b2. Un m\u00e1gico \u00abcubo blanco\u00bb con mil posibilidades. Solamente 12 personas y 2 performers.<br><strong>2 \u00faltimas funciones<\/strong><\/p>\n\n\n<div class=\"wp-block-image\">\n<figure class=\"aligncenter size-full is-resized\"><img loading=\"lazy\" decoding=\"async\" width=\"1000\" height=\"370\" src=\"https:\/\/entrenotasyacordes.com\/wp-content\/uploads\/2024\/07\/14c.png\" alt=\"\" class=\"wp-image-9831\" style=\"width:839px;height:auto\" srcset=\"https:\/\/entrenotasyacordes.com\/wp-content\/uploads\/2024\/07\/14c.png 1000w, https:\/\/entrenotasyacordes.com\/wp-content\/uploads\/2024\/07\/14c-300x111.png 300w, https:\/\/entrenotasyacordes.com\/wp-content\/uploads\/2024\/07\/14c-768x284.png 768w\" sizes=\"auto, (max-width: 1000px) 100vw, 1000px\" \/><\/figure>\n<\/div>\n\n\n<p class=\"has-text-align-center\"><strong>Innovaci\u00f3n art\u00edstica en San Telmo:\u00a0<\/strong><br><strong>\u00abFOGATA\u00bb\u00a0de Pablo Cornejo y Juan Ibarluc\u00eda se presenta en HAB.19 (Balcarce 1053)<\/strong><\/p>\n\n\n\n<figure class=\"wp-block-embed is-type-video is-provider-youtube wp-block-embed-youtube wp-embed-aspect-16-9 wp-has-aspect-ratio\"><div class=\"wp-block-embed__wrapper\">\n<div class=\"epyt-video-wrapper\"><iframe loading=\"lazy\"  id=\"_ytid_36054\"  width=\"640\" height=\"360\"  data-origwidth=\"640\" data-origheight=\"360\" src=\"https:\/\/www.youtube.com\/embed\/PcHyvkXXWkg?enablejsapi=1&#038;autoplay=0&#038;cc_load_policy=0&#038;cc_lang_pref=&#038;iv_load_policy=1&#038;loop=0&#038;rel=1&#038;fs=1&#038;playsinline=0&#038;autohide=2&#038;theme=dark&#038;color=white&#038;controls=1&#038;\" class=\"__youtube_prefs__  epyt-is-override  no-lazyload\" data-vol=\"50\"  title=\"YouTube player\"  allow=\"fullscreen; accelerometer; autoplay; clipboard-write; encrypted-media; gyroscope; picture-in-picture; web-share\" referrerpolicy=\"strict-origin-when-cross-origin\" allowfullscreen data-no-lazy=\"1\" data-skipgform_ajax_framebjll=\"\"><\/iframe><\/div>\n<\/div><\/figure>\n\n\n\n<p class=\"has-text-align-left\">Los d\u00edas 19 y 20 de julio se presentar\u00e1n las 2 \u00faltimas funciones de una obra que convoca a la experimentaci\u00f3n sensorial.<strong>FOGATA<\/strong>\u00a0es el nombre de la obra de\u00a0<strong>Pablo Cornejo y Juan Ibarluc\u00eda<\/strong>\u00a0que invita a sumergirse en una exploraci\u00f3n sensorial \u00fanica en\u00a0<strong>HAB.19<\/strong>, el nuevo espacio de arte ubicado en la \u00abGaler\u00eda del Viejo Hotel\u00bb dentro del circuito art\u00edstico de San Telmo. Con solo ocho funciones en julio, esta experiencia que combina instalaci\u00f3n audiovisual y performance en vivo promete revelar una fusi\u00f3n in\u00e9dita de cuerpo, espacio y sonido.<\/p>\n\n\n\n<p class=\"has-text-align-left\">Con dos funciones por d\u00eda, desde el pr\u00f3ximo 12 de julio, los asistentes podr\u00e1n sumergirse en\u00a0<strong>FOGATA<\/strong>, una experimentaci\u00f3n que transforma el espacio con reverberaciones inmersivas y un set en vivo que busca expandir los l\u00edmites de la percepci\u00f3n.<\/p>\n\n\n\n<p class=\"has-text-align-left\">\u00abEn esta obra realizamos una serie de gestos simples que resultan en est\u00edmulos complejos. As\u00ed, vamos creando una situaci\u00f3n en la que el performer logra expandir los l\u00edmites del cuerpo, fundamentalmente a trav\u00e9s de la relaci\u00f3n de cada movimiento con el sonido procesado en tiempo real. Buscamos compartir esta experiencia ampliada, con todo su despliegue envolvente\u00bb,\u00a0explican los artistas\u00a0<strong>Pablo Cornejo y Juan Ibarluc\u00eda.<\/strong><\/p>\n\n\n\n<p class=\"has-text-align-left\"><strong>HAB.19<\/strong>\u00a0es un espacio de arte intercultural e interdisciplinario que desde 2022 explora las nociones del habitar a trav\u00e9s de proyectos e investigaciones art\u00edsticas. Ubicado en el barrio porte\u00f1o de San Telmo, se plantea como un punto de encuentro para artistas locales e internacionales que buscan un entorno para la innovaci\u00f3n y el di\u00e1logo creativo.\u00a0<strong>HAB.19<\/strong>\u00a0se dedica a la investigaci\u00f3n de obras que cruzan disciplinas y desaf\u00edan las convenciones art\u00edsticas tradicionales, proporcionando una plataforma para la experimentaci\u00f3n y la reflexi\u00f3n cr\u00edtica en el arte contempor\u00e1neo.<\/p>\n\n\n\n<p class=\"has-text-align-left\"><strong>Pablo Cornejo y Juan Ibarluc\u00eda<\/strong>\u00a0son creadores contempor\u00e1neos con ricas trayectorias.\u00a0<strong>Pablo Cornejo<\/strong>\u00a0es artista e investigador transdisciplinario. Licenciado en Artes Visuales de la UNA, donde actualmente termina su Especializaci\u00f3n en Lenguajes Art\u00edsticos Combinados, ha desarrollado proyectos que habitan intersecciones de materialidades, formatos y lenguajes, entre fotograf\u00edas, videos, esculturas, textiles, sound art, instalaciones y performances.\u00a0<strong>Juan Ibarluc\u00eda<\/strong>, por su parte, es compositor, multi-instrumentista, productor y docente. Licenciado en composici\u00f3n por la UNA, es miembro fundador del grupo Pommez Internacional &#8211; referente regional en la intersecci\u00f3n entre m\u00fasica popular y experimentaci\u00f3n &#8211; y director de Territorio, organizaci\u00f3n dedicada a la producci\u00f3n de m\u00fasicas laterales y a formaci\u00f3n art\u00edstica integralmente concebida. Compositor multimedial, ha realizado m\u00e1s de 250 conciertos en festivales de Latinoam\u00e9rica, Europa y Estados Unidos y numerosas obras para cine, teatro y danza contempor\u00e1nea. Llev\u00f3 a cargo actividades de formaci\u00f3n en Alemania, Espa\u00f1a, Per\u00fa y El Salvador. Es docente de Experimentaci\u00f3n Musical en la Universidad Nacional de Artes y &#8211; recientemente &#8211; docente de Producci\u00f3n Musical en ULP y UNTREF. Brind\u00f3 conferencias en espacios de renombre como Fundaci\u00f3n PROA, entre otros. Fue distinguido por el Fondo Nacional de las Artes, el Instituto Nacional de M\u00fasica, la Canciller\u00eda de la Naci\u00f3n y la Bienal de Buenos Aires. Miembro activo del colectivo electroac\u00fastico Sudestada X, es tambi\u00e9n ensayista sobre arte, pol\u00edtica y vida digital.<\/p>\n\n\n\n<p><strong>Las entradas est\u00e1n disponibles mediante compra anticipada en Alternativa Teatral, con un aforo limitado por funci\u00f3n. Una serie de sesiones \u00edntimas para una audiencia exclusiva.<\/strong><br><strong><br><\/strong><strong>Horarios de las funciones:<\/strong><br>Viernes 19\/07\/2024 &#8211; 20:00 hs y 21:45 hsS\u00e1bado 20\/07\/2024 &#8211; 20:00 hs y 21:45 hs<strong><br><\/strong><strong>Duraci\u00f3n:<\/strong>&nbsp;30 minutos por funci\u00f3n<br><strong>Capacidad:&nbsp;<\/strong>12 personas por funci\u00f3n<br><strong>Precio de las entradas&nbsp;<\/strong>:$5000.-<strong><br><\/strong><strong>Direcci\u00f3n:<\/strong>&nbsp;Balcarce 1053, CABA<br><strong>Importante<\/strong>: Llegar puntualmente, ya que la performance se realizar\u00e1 a puertas cerradas.<\/p>\n\n\n\n<p class=\"has-text-align-left\"><strong>### M\u00e1s informaci\u00f3n y entradas en Alternativa Teatral<\/strong><a href=\"http:\/\/www.alternativateatral.com.ar\/obra90299-fogata\" class=\"\"><u>http:\/\/www.alternativateatral.com.ar\/obra90299-fogata<\/u><\/a><\/p>\n","protected":false},"excerpt":{"rendered":"","protected":false},"author":5,"featured_media":9831,"comment_status":"open","ping_status":"open","sticky":false,"template":"","format":"standard","meta":{"om_disable_all_campaigns":false,"_uf_show_specific_survey":0,"_uf_disable_surveys":false,"footnotes":""},"categories":[9],"tags":[],"class_list":["post-9830","post","type-post","status-publish","format-standard","has-post-thumbnail","hentry","category-cine-y-teatro"],"_links":{"self":[{"href":"https:\/\/entrenotasyacordes.com\/index.php?rest_route=\/wp\/v2\/posts\/9830","targetHints":{"allow":["GET"]}}],"collection":[{"href":"https:\/\/entrenotasyacordes.com\/index.php?rest_route=\/wp\/v2\/posts"}],"about":[{"href":"https:\/\/entrenotasyacordes.com\/index.php?rest_route=\/wp\/v2\/types\/post"}],"author":[{"embeddable":true,"href":"https:\/\/entrenotasyacordes.com\/index.php?rest_route=\/wp\/v2\/users\/5"}],"replies":[{"embeddable":true,"href":"https:\/\/entrenotasyacordes.com\/index.php?rest_route=%2Fwp%2Fv2%2Fcomments&post=9830"}],"version-history":[{"count":1,"href":"https:\/\/entrenotasyacordes.com\/index.php?rest_route=\/wp\/v2\/posts\/9830\/revisions"}],"predecessor-version":[{"id":9832,"href":"https:\/\/entrenotasyacordes.com\/index.php?rest_route=\/wp\/v2\/posts\/9830\/revisions\/9832"}],"wp:featuredmedia":[{"embeddable":true,"href":"https:\/\/entrenotasyacordes.com\/index.php?rest_route=\/wp\/v2\/media\/9831"}],"wp:attachment":[{"href":"https:\/\/entrenotasyacordes.com\/index.php?rest_route=%2Fwp%2Fv2%2Fmedia&parent=9830"}],"wp:term":[{"taxonomy":"category","embeddable":true,"href":"https:\/\/entrenotasyacordes.com\/index.php?rest_route=%2Fwp%2Fv2%2Fcategories&post=9830"},{"taxonomy":"post_tag","embeddable":true,"href":"https:\/\/entrenotasyacordes.com\/index.php?rest_route=%2Fwp%2Fv2%2Ftags&post=9830"}],"curies":[{"name":"wp","href":"https:\/\/api.w.org\/{rel}","templated":true}]}}