{"id":9842,"date":"2024-07-17T22:07:28","date_gmt":"2024-07-17T22:07:28","guid":{"rendered":"https:\/\/entrenotasyacordes.com\/?p=9842"},"modified":"2024-07-17T22:07:29","modified_gmt":"2024-07-17T22:07:29","slug":"la-cantautora-en-la-mira-este-2024-ela-taubert-sorprende-con-su-nuevo-sencillo-para-que","status":"publish","type":"post","link":"https:\/\/entrenotasyacordes.com\/?p=9842","title":{"rendered":"LA CANTAUTORA en la mira este 2024 ELA TAUBERT sorprende con su NUEVO SENCILLO \u201c\u00bfPARA QU\u00c9?\u201d"},"content":{"rendered":"\n<!--more-->\n\n\n<div class=\"wp-block-image\">\n<figure class=\"aligncenter size-full is-resized\"><img loading=\"lazy\" decoding=\"async\" width=\"1406\" height=\"1410\" src=\"https:\/\/entrenotasyacordes.com\/wp-content\/uploads\/2024\/07\/14f.webp\" alt=\"\" class=\"wp-image-9843\" style=\"width:607px;height:auto\" srcset=\"https:\/\/entrenotasyacordes.com\/wp-content\/uploads\/2024\/07\/14f.webp 1406w, https:\/\/entrenotasyacordes.com\/wp-content\/uploads\/2024\/07\/14f-300x300.webp 300w, https:\/\/entrenotasyacordes.com\/wp-content\/uploads\/2024\/07\/14f-1021x1024.webp 1021w, https:\/\/entrenotasyacordes.com\/wp-content\/uploads\/2024\/07\/14f-150x150.webp 150w, https:\/\/entrenotasyacordes.com\/wp-content\/uploads\/2024\/07\/14f-768x770.webp 768w, https:\/\/entrenotasyacordes.com\/wp-content\/uploads\/2024\/07\/14f-1024x1027.webp 1024w, https:\/\/entrenotasyacordes.com\/wp-content\/uploads\/2024\/07\/14f-50x50.webp 50w\" sizes=\"auto, (max-width: 1406px) 100vw, 1406px\" \/><\/figure>\n<\/div>\n\n\n<p>La innovadora cantautora y artista en la mira este 2024&nbsp;<strong>ELA TAUBERT<\/strong>&nbsp;sorprende a sus fans con su nuevo sencillo&nbsp;<em>\u201c<strong>\u00bfPara Qu\u00e9?<\/strong><\/em>\u201d, la segunda parte de la historia presentada por la colombiana en su anterior tema,&nbsp;<strong><em>\u201c\u00bfC\u00f3mo Pas\u00f3?\u201d.<\/em><\/strong><\/p>\n\n\n\n<p><em>\u201c<strong>\u00bfPara Qu\u00e9?<\/strong><\/em>\u201d, compuesta por&nbsp;<strong>ELA,<\/strong>&nbsp;<strong>Kevin Aguirre<\/strong>,&nbsp;<strong>Pio Perilla<\/strong>&nbsp;y&nbsp;<strong>C\u00e9sar Pinz\u00f3n<\/strong>, narra las secuelas de una relaci\u00f3n fallida de adolescencia, los sentimientos luego de la ruptura, as\u00ed como el empoderamiento, el valor y respeto propio ante el regreso de un ex, que meses despu\u00e9s busca enmendar las heridas.<\/p>\n\n\n\n<p>\u201c<em>Quiero que mis fans sientan la canci\u00f3n, que la hagan suya, que sea su himno y los acompa\u00f1e un mont\u00f3n<\/em>\u201d, comparti\u00f3&nbsp;<strong>ELA<\/strong>&nbsp;sobre el lanzamiento de&nbsp;<strong><em>\u201c\u00bfPara Que?\u201d<\/em><\/strong><\/p>\n\n\n\n<p>A trav\u00e9s del tema, la nueva \u201c<em>it girl\u201d<\/em>&nbsp;del pop latino explora sonidos del country\/folk fusionados con el pop\/rock latino. Esta es la primera vez que&nbsp;<strong>ELA<\/strong>&nbsp;se sumerge s\u00f3nicamente en el country\/folk, demostrando as\u00ed su habilidad art\u00edstica y su capacidad de adaptaci\u00f3n a cualquier g\u00e9nero musical.<\/p>\n\n\n\n<p>El sencillo viene acompa\u00f1ado de un video rodado en&nbsp;<strong>Madrid,<\/strong>&nbsp;y dirigido por&nbsp;<strong>ELA,<\/strong>&nbsp;donde vemos a la cantante reviviendo una pel\u00edcula desde una sala de cine en donde ella misma es la protagonista. En esa cinta se observan los intentos del ex de tratar de recuperar a su novia, quien, al recordar las heridas y las promesas de la fallida relaci\u00f3n, decide no darle una segunda oportunidad.<\/p>\n\n\n<div class=\"wp-block-image\">\n<figure class=\"aligncenter size-full is-resized\"><img loading=\"lazy\" decoding=\"async\" width=\"1756\" height=\"1394\" src=\"https:\/\/entrenotasyacordes.com\/wp-content\/uploads\/2024\/07\/14ff.webp\" alt=\"\" class=\"wp-image-9844\" style=\"width:720px;height:auto\" srcset=\"https:\/\/entrenotasyacordes.com\/wp-content\/uploads\/2024\/07\/14ff.webp 1756w, https:\/\/entrenotasyacordes.com\/wp-content\/uploads\/2024\/07\/14ff-300x238.webp 300w, https:\/\/entrenotasyacordes.com\/wp-content\/uploads\/2024\/07\/14ff-1024x813.webp 1024w, https:\/\/entrenotasyacordes.com\/wp-content\/uploads\/2024\/07\/14ff-768x610.webp 768w, https:\/\/entrenotasyacordes.com\/wp-content\/uploads\/2024\/07\/14ff-1536x1219.webp 1536w\" sizes=\"auto, (max-width: 1756px) 100vw, 1756px\" \/><\/figure>\n<\/div>\n\n\n<figure class=\"wp-block-embed is-type-video is-provider-youtube wp-block-embed-youtube wp-embed-aspect-16-9 wp-has-aspect-ratio\"><div class=\"wp-block-embed__wrapper\">\n<div class=\"epyt-video-wrapper\"><iframe loading=\"lazy\"  id=\"_ytid_65884\"  width=\"640\" height=\"360\"  data-origwidth=\"640\" data-origheight=\"360\" src=\"https:\/\/www.youtube.com\/embed\/a7am7JTJZyc?enablejsapi=1&#038;autoplay=0&#038;cc_load_policy=0&#038;cc_lang_pref=&#038;iv_load_policy=1&#038;loop=0&#038;rel=1&#038;fs=1&#038;playsinline=0&#038;autohide=2&#038;theme=dark&#038;color=white&#038;controls=1&#038;\" class=\"__youtube_prefs__  epyt-is-override  no-lazyload\" data-vol=\"50\"  title=\"YouTube player\"  allow=\"fullscreen; accelerometer; autoplay; clipboard-write; encrypted-media; gyroscope; picture-in-picture; web-share\" referrerpolicy=\"strict-origin-when-cross-origin\" allowfullscreen data-no-lazy=\"1\" data-skipgform_ajax_framebjll=\"\"><\/iframe><\/div>\n<\/div><\/figure>\n\n\n\n<p>El video tambi\u00e9n hace una referencia a&nbsp;<strong>\u201c\u00bfC\u00f3mo Pas\u00f3?,\u201d<\/strong>&nbsp;el revolucionario himno de desamor de Ela, en donde narra la primera parte de esta historia: una pareja que ve\u00edan un futuro juntos, pero uno de ellos se aleja, abandonando la relaci\u00f3n y rompi\u00e9ndole el coraz\u00f3n a la otra persona.<\/p>\n\n\n\n<p><strong>\u201c\u00bfC\u00f3mo Pas\u00f3?\u201d<\/strong>&nbsp;es el \u00e9xito global de la cantautora donde ha acumulando m\u00e1s de&nbsp;<strong>145 millones de reproducciones combinadas<\/strong>&nbsp;y cuenta con&nbsp;<strong>certificaci\u00f3n de oro de la RIAA en EE. UU, certificaci\u00f3n de oro en Espa\u00f1a y platino en M\u00e9xico.<\/strong><\/p>\n\n\n\n<p>Aclamada por&nbsp;<strong>RollingStone<\/strong>, como \u201cla nueva voz del pop colombiano y una artista inspirada por la emoci\u00f3n y guiada por el coraz\u00f3n\u201d, Ela contin\u00faa ganando m\u00e1s elogios en su carrera musical destacando su talento, voz y empoderamiento femenino en el g\u00e9nero Pop Latino.<\/p>\n\n\n\n<p>Esta semana,\u00a0<strong>ELA<\/strong>\u00a0culmin\u00f3 su recorrido por M\u00e9xico de su primera gira<strong>\u00a0&#8216;Metamorfosis Tour&#8217;<\/strong>\u00a0por\u00a0<strong>Ciudad de M\u00e9xico (10\/7), Guadalajara (11\/7), Quer\u00e9taro (13\/7) y Monterrey (14\/7)<\/strong>\u00a0con todas las\u00a0<strong>entradas agotadas<\/strong>\u00a0donde trajo a la vida sus mayores \u00e9xitos\u00a0<strong>\u00ab\u00bfY Si Eras T\u00fa?\u00bb, \u00ab\u00bfPor Qu\u00e9 No Me Fui Antes?\u00bb, \u00ab\u00bfC\u00f3mo Pas\u00f3?\u00bb<\/strong>\u00a0y\u00a0<strong>\u00ab\u00bfPara Qu\u00e9?\u00bb<\/strong>.\u00a0<strong>ELA<\/strong>\u00a0continuar\u00e1 llevando \u2018Metamorfosis Tour\u2019 a otras ciudades de Am\u00e9rica Latina, retomando el\u00a0<strong>28 de septiembre en su ciudad natal Bogot\u00e1, Colombia<\/strong>\u00a0antes de continuar el\u00a0<strong>3 de octubre en Lima, Per\u00fa; 6 de octubre en Santiago, Chile<\/strong>\u00a0y terminando en\u00a0<strong>Buenos Aires, Argentina el 8 de octubre.<\/strong><\/p>\n\n\n<div class=\"wp-block-image\">\n<figure class=\"aligncenter size-full is-resized\"><img loading=\"lazy\" decoding=\"async\" width=\"1124\" height=\"1404\" src=\"https:\/\/entrenotasyacordes.com\/wp-content\/uploads\/2024\/07\/14fff.webp\" alt=\"\" class=\"wp-image-9845\" style=\"width:720px;height:auto\" srcset=\"https:\/\/entrenotasyacordes.com\/wp-content\/uploads\/2024\/07\/14fff.webp 1124w, https:\/\/entrenotasyacordes.com\/wp-content\/uploads\/2024\/07\/14fff-240x300.webp 240w, https:\/\/entrenotasyacordes.com\/wp-content\/uploads\/2024\/07\/14fff-820x1024.webp 820w, https:\/\/entrenotasyacordes.com\/wp-content\/uploads\/2024\/07\/14fff-768x959.webp 768w, https:\/\/entrenotasyacordes.com\/wp-content\/uploads\/2024\/07\/14fff-1024x1279.webp 1024w\" sizes=\"auto, (max-width: 1124px) 100vw, 1124px\" \/><\/figure>\n<\/div>\n\n\n<p class=\"has-text-align-center\"><a href=\"https:\/\/us.umusic-online.com\/c\/AQimlA4Q6t0gGILm21cg_IPACLY80LUzSVseKoHckTjV_s8eWLNrIW3NzKlXyiQjzYfU\"><strong>&#8216;METAMORFOSIS TOUR\u2019<\/strong><\/a><\/p>\n\n\n\n<p class=\"has-text-align-center\"><s>10 DE JULIO &#8211; FORO INDIE ROCKS!\u00a0<\/s>|\u00a0<s>CDMX, MX<\/s>\u00a0[Sold Out]<br><s>11 DE JULIO &#8211; C3 STAGE | GUADALAJARA, MX<\/s>\u00a0[Sold Out]<br><s>13 DE JULIO &#8211; SALA ARPA | QUER\u00c9TARO, MX<\/s>\u00a0[Sold Out]<br><s>14 DE JULIO &#8211; FORO TIMS | MONTERREY, MX<\/s>\u00a0[Sold Out]<br>28 DE SEPTIEMBRE &#8211; ASTOR PLAZA| BOGOTA, COL<br>3 DE OCTUBRE &#8211; CENTRO DE CONVENCIONES | LIMA, PE<br>6 DE OCTUBRE &#8211; CLUB CHOCOLATE | SANTIAGO, CH<br>8 DE OCTUBRE &#8211; TEATRO BROADWAY | BUENOS AIRES, ARG<\/p>\n\n\n\n<p>Actualmente,&nbsp;<strong>ELA<\/strong>&nbsp;se prepara para presentarse en la 21\u00aa edici\u00f3n de Premios Juventud donde recibi\u00f3 su primera nominaci\u00f3n como&nbsp;<em>\u2018<strong>La Nueva Generaci\u00f3n Femenina\u2019<\/strong><\/em>.<\/p>\n\n\n\n<p>La entrega de Premios Juventud 2024 se llevar\u00e1 a cabo en&nbsp;<strong>San Juan, Puerto Rico<\/strong>&nbsp;en el&nbsp;<strong>Coliseo de Puerto Rico Jos\u00e9 Miguel Agrelot&nbsp;<\/strong>el&nbsp;<strong>jueves, 25 de julio<\/strong>&nbsp;y se transmitir\u00e1 en vivo por&nbsp;<strong>Univision a las 8:00 p.m. EST<\/strong>&nbsp;y&nbsp;<strong>7:00 p.m. CT.<\/strong><\/p>\n","protected":false},"excerpt":{"rendered":"","protected":false},"author":5,"featured_media":9843,"comment_status":"open","ping_status":"open","sticky":false,"template":"","format":"standard","meta":{"om_disable_all_campaigns":false,"_uf_show_specific_survey":0,"_uf_disable_surveys":false,"footnotes":""},"categories":[36],"tags":[],"class_list":["post-9842","post","type-post","status-publish","format-standard","has-post-thumbnail","hentry","category-conciertos"],"_links":{"self":[{"href":"https:\/\/entrenotasyacordes.com\/index.php?rest_route=\/wp\/v2\/posts\/9842","targetHints":{"allow":["GET"]}}],"collection":[{"href":"https:\/\/entrenotasyacordes.com\/index.php?rest_route=\/wp\/v2\/posts"}],"about":[{"href":"https:\/\/entrenotasyacordes.com\/index.php?rest_route=\/wp\/v2\/types\/post"}],"author":[{"embeddable":true,"href":"https:\/\/entrenotasyacordes.com\/index.php?rest_route=\/wp\/v2\/users\/5"}],"replies":[{"embeddable":true,"href":"https:\/\/entrenotasyacordes.com\/index.php?rest_route=%2Fwp%2Fv2%2Fcomments&post=9842"}],"version-history":[{"count":1,"href":"https:\/\/entrenotasyacordes.com\/index.php?rest_route=\/wp\/v2\/posts\/9842\/revisions"}],"predecessor-version":[{"id":9846,"href":"https:\/\/entrenotasyacordes.com\/index.php?rest_route=\/wp\/v2\/posts\/9842\/revisions\/9846"}],"wp:featuredmedia":[{"embeddable":true,"href":"https:\/\/entrenotasyacordes.com\/index.php?rest_route=\/wp\/v2\/media\/9843"}],"wp:attachment":[{"href":"https:\/\/entrenotasyacordes.com\/index.php?rest_route=%2Fwp%2Fv2%2Fmedia&parent=9842"}],"wp:term":[{"taxonomy":"category","embeddable":true,"href":"https:\/\/entrenotasyacordes.com\/index.php?rest_route=%2Fwp%2Fv2%2Fcategories&post=9842"},{"taxonomy":"post_tag","embeddable":true,"href":"https:\/\/entrenotasyacordes.com\/index.php?rest_route=%2Fwp%2Fv2%2Ftags&post=9842"}],"curies":[{"name":"wp","href":"https:\/\/api.w.org\/{rel}","templated":true}]}}