{"id":9847,"date":"2024-07-17T22:23:41","date_gmt":"2024-07-17T22:23:41","guid":{"rendered":"https:\/\/entrenotasyacordes.com\/?p=9847"},"modified":"2024-07-17T22:23:42","modified_gmt":"2024-07-17T22:23:42","slug":"emilia-la-popstar-argentina-llega-al-1-en-dos-listas-billboard","status":"publish","type":"post","link":"https:\/\/entrenotasyacordes.com\/?p=9847","title":{"rendered":"EMILIA | La popstar argentina llega al #1 en dos listas Billboard"},"content":{"rendered":"\n<p>LA SENSACI\u00d3N DEL POP ARGENTINO LOGRA EL PRIMER HIT N\u00daMERO UNO EN DOS LISTAS DE BILLBOARD, GRACIAS A \u201c<em>PERDONARTE \u00bfPARA QU\u00c9?<\/em>\u201d, EL HIT JUNTO A LOS \u00c1NGELES AZULES<\/p>\n\n\n\n<!--more-->\n\n\n<div class=\"wp-block-image\">\n<figure class=\"aligncenter size-full is-resized\"><img loading=\"lazy\" decoding=\"async\" width=\"1920\" height=\"2560\" src=\"https:\/\/entrenotasyacordes.com\/wp-content\/uploads\/2024\/07\/NO-AGRANDAR-USAR-ASI-3-scaled.jpeg\" alt=\"\" class=\"wp-image-9851\" style=\"width:607px;height:auto\" srcset=\"https:\/\/entrenotasyacordes.com\/wp-content\/uploads\/2024\/07\/NO-AGRANDAR-USAR-ASI-3-scaled.jpeg 1920w, https:\/\/entrenotasyacordes.com\/wp-content\/uploads\/2024\/07\/NO-AGRANDAR-USAR-ASI-3-225x300.jpeg 225w, https:\/\/entrenotasyacordes.com\/wp-content\/uploads\/2024\/07\/NO-AGRANDAR-USAR-ASI-3-768x1024.jpeg 768w, https:\/\/entrenotasyacordes.com\/wp-content\/uploads\/2024\/07\/NO-AGRANDAR-USAR-ASI-3-1152x1536.jpeg 1152w, https:\/\/entrenotasyacordes.com\/wp-content\/uploads\/2024\/07\/NO-AGRANDAR-USAR-ASI-3-1536x2048.jpeg 1536w, https:\/\/entrenotasyacordes.com\/wp-content\/uploads\/2024\/07\/NO-AGRANDAR-USAR-ASI-3-1024x1365.jpeg 1024w\" sizes=\"auto, (max-width: 1920px) 100vw, 1920px\" \/><\/figure>\n<\/div>\n\n\n<p class=\"has-text-align-left\">La estrella del pop argentina\u00a0<strong>Emilia\u00a0<\/strong>se ha disparado a la cima de las listas, logrando su primer \u00e9xito n\u00famero uno en dos listas de Billboard, Latin Airplay y Regional Mexican Airplay, con su colaboraci\u00f3n junto al grupo mexicano\u00a0<strong>Los \u00c1ngeles Azules<\/strong>\u00a0en el tema \u00ab<em><strong><a href=\"https:\/\/instagramc.tr.pemsv30.net\/c\/eyJhIjoiaW5zdGFncmFtYyIsIm0iOiJtYWlsX2NseXB3YWtzZzJlb3kwNzA1NmFlZmpyOWwiLCJsIjoibGlua18zYmRlNmZiNDFmY2YwOTU1ODNjOTk1MWNhYzQ3NGZhZjFkMTNiYjQ5X2JlMzE5YSIsImkiOltdLCJ1IjoiaHR0cHM6Ly93d3cueW91dHViZS5jb20vd2F0Y2g_dj1iZUg2dXF5NlhzdyZ1dG1fc291cmNlPXBlcmZpdCZ1dG1fbWVkaXVtPWVtYWlsJnV0bV9jYW1wYWlnbj1FTUlMSUElMjAlN0MlMjBISVQlMjAlMjMxJTIwQklMTEJPQVJEIiwiYyI6IiIsImgiOiIxYzhmMDUifQ\" target=\"_blank\" rel=\"noreferrer noopener\">Perdonarte \u00bfPara Qu\u00e9?<\/a><\/strong><\/em>\u00bb El logro marca un hito significativo en la carrera de Emilia, subrayando su creciente influencia en la escena de la m\u00fasica latina. <\/p>\n\n\n\n<p class=\"has-text-align-left\">Lanzado con gran \u00e9xito, \u00ab<a href=\"https:\/\/instagramc.tr.pemsv30.net\/c\/eyJhIjoiaW5zdGFncmFtYyIsIm0iOiJtYWlsX2NseXB3YWtzZzJlb3kwNzA1NmFlZmpyOWwiLCJsIjoibGlua18zYmRlNmZiNDFmY2YwOTU1ODNjOTk1MWNhYzQ3NGZhZjFkMTNiYjQ5XzAyMDE5ZiIsImkiOltdLCJ1IjoiaHR0cHM6Ly93d3cueW91dHViZS5jb20vd2F0Y2g_dj1iZUg2dXF5NlhzdyZ1dG1fc291cmNlPXBlcmZpdCZ1dG1fbWVkaXVtPWVtYWlsJnV0bV9jYW1wYWlnbj1FTUlMSUElMjAlN0MlMjBISVQlMjAlMjMxJTIwQklMTEJPQVJEIiwiYyI6IiIsImgiOiI4MmIwNDYifQ\" target=\"_blank\" rel=\"noreferrer noopener\">Perdonarte \u00bfPara Qu\u00e9?<\/a>\u00bb ha cautivado al p\u00fablico con sus ritmos contagiosos y la din\u00e1mica interpretaci\u00f3n vocal de\u00a0<strong>Emilia<\/strong>. El \u00e9xito del tema en las listas de Billboard refleja su popularidad entre los oyentes y reafirma el talento y la versatilidad de Emilia como artista. La contundente colaboraci\u00f3n ha llamado la atenci\u00f3n por su innovadora combinaci\u00f3n de elementos pop y cumbia, mostrando la capacidad de la estrella del pop para cruzar fronteras musicales y atraer a audiencias diversas.<\/p>\n\n\n\n<p class=\"has-text-align-left\">Mientras concluye la etapa espa\u00f1ola de su estelar gira mundial \u201c.<strong>mp3<\/strong>\u201d esta semana,\u00a0<strong>Emilia\u00a0<\/strong>ahora pone su mirada en su comprometida base de fans mexicanos. El \u00edcono del pop internacional se prepara para deslumbrar a sus fan\u00e1ticos con la primera parada en la Ciudad de M\u00e9xico de la etapa de verano de su gira \u201c.<strong>mp3<\/strong>\u201d el viernes 9 de agosto, ya con entradas agotadas, agregando una segunda fecha en el prestigioso Teatro Metrop\u00f3litan que tendr\u00e1 lugar el s\u00e1bado 10 de agosto.<\/p>\n\n\n\n<p class=\"has-text-align-left\">Actualmente Emilia se prepara para subir al escenario para el debut en vivo de \u201cPerdonarte \u00bfPara Qu\u00e9?\u201d en los Premios Juventud de este a\u00f1o, donde estrenar\u00e1 la colaboraci\u00f3n junto a Los \u00c1ngeles Azules el jueves 25 de julio en San Juan, Puerto Rico.<\/p>\n\n\n\n<p><strong>Nominaciones de Emilia a los Premios Juventud:<\/strong><br>\u25cf \u201cGirl Power\u201d &#8211; \u201cLa_Original_mp3\u201d con Tini<br>\u25cf \u201cMi Dance Track Favorito\u201d &#8211; \u201cLa_Original_mp3\u201d con Tini<br>\u25cf \u201cMejor \u00c1lbum Pop\/Urbano\u201d &#8211; \u201c.mp3\u201d<\/p>\n\n\n\n<p>Emilia se estar\u00e1 presentando el 12 y 13 de octubre en el Estadio V\u00e9lez, con tickets r\u00e1pidamente agotados.<\/p>\n\n\n\n<p><\/p>\n","protected":false},"excerpt":{"rendered":"<p>LA SENSACI\u00d3N DEL POP ARGENTINO LOGRA EL PRIMER HIT N\u00daMERO UNO EN DOS LISTAS DE<\/p>\n","protected":false},"author":5,"featured_media":9851,"comment_status":"open","ping_status":"open","sticky":false,"template":"","format":"standard","meta":{"om_disable_all_campaigns":false,"_uf_show_specific_survey":0,"_uf_disable_surveys":false,"footnotes":""},"categories":[4],"tags":[],"class_list":["post-9847","post","type-post","status-publish","format-standard","has-post-thumbnail","hentry","category-musica"],"_links":{"self":[{"href":"https:\/\/entrenotasyacordes.com\/index.php?rest_route=\/wp\/v2\/posts\/9847","targetHints":{"allow":["GET"]}}],"collection":[{"href":"https:\/\/entrenotasyacordes.com\/index.php?rest_route=\/wp\/v2\/posts"}],"about":[{"href":"https:\/\/entrenotasyacordes.com\/index.php?rest_route=\/wp\/v2\/types\/post"}],"author":[{"embeddable":true,"href":"https:\/\/entrenotasyacordes.com\/index.php?rest_route=\/wp\/v2\/users\/5"}],"replies":[{"embeddable":true,"href":"https:\/\/entrenotasyacordes.com\/index.php?rest_route=%2Fwp%2Fv2%2Fcomments&post=9847"}],"version-history":[{"count":1,"href":"https:\/\/entrenotasyacordes.com\/index.php?rest_route=\/wp\/v2\/posts\/9847\/revisions"}],"predecessor-version":[{"id":9852,"href":"https:\/\/entrenotasyacordes.com\/index.php?rest_route=\/wp\/v2\/posts\/9847\/revisions\/9852"}],"wp:featuredmedia":[{"embeddable":true,"href":"https:\/\/entrenotasyacordes.com\/index.php?rest_route=\/wp\/v2\/media\/9851"}],"wp:attachment":[{"href":"https:\/\/entrenotasyacordes.com\/index.php?rest_route=%2Fwp%2Fv2%2Fmedia&parent=9847"}],"wp:term":[{"taxonomy":"category","embeddable":true,"href":"https:\/\/entrenotasyacordes.com\/index.php?rest_route=%2Fwp%2Fv2%2Fcategories&post=9847"},{"taxonomy":"post_tag","embeddable":true,"href":"https:\/\/entrenotasyacordes.com\/index.php?rest_route=%2Fwp%2Fv2%2Ftags&post=9847"}],"curies":[{"name":"wp","href":"https:\/\/api.w.org\/{rel}","templated":true}]}}