{"id":9855,"date":"2024-07-17T22:38:33","date_gmt":"2024-07-17T22:38:33","guid":{"rendered":"https:\/\/entrenotasyacordes.com\/?p=9855"},"modified":"2024-07-17T22:38:35","modified_gmt":"2024-07-17T22:38:35","slug":"en-agosto-eruca-sativa-regresa-a-la-plata","status":"publish","type":"post","link":"https:\/\/entrenotasyacordes.com\/?p=9855","title":{"rendered":"En agosto: Eruca Sativa regresa a La Plata"},"content":{"rendered":"\n<!--more-->\n\n\n<div class=\"wp-block-image\">\n<figure class=\"aligncenter size-full is-resized\"><img loading=\"lazy\" decoding=\"async\" width=\"1080\" height=\"1080\" src=\"https:\/\/entrenotasyacordes.com\/wp-content\/uploads\/2024\/07\/14h.png\" alt=\"\" class=\"wp-image-9856\" style=\"width:607px;height:auto\" srcset=\"https:\/\/entrenotasyacordes.com\/wp-content\/uploads\/2024\/07\/14h.png 1080w, https:\/\/entrenotasyacordes.com\/wp-content\/uploads\/2024\/07\/14h-300x300.png 300w, https:\/\/entrenotasyacordes.com\/wp-content\/uploads\/2024\/07\/14h-1024x1024.png 1024w, https:\/\/entrenotasyacordes.com\/wp-content\/uploads\/2024\/07\/14h-150x150.png 150w, https:\/\/entrenotasyacordes.com\/wp-content\/uploads\/2024\/07\/14h-768x768.png 768w, https:\/\/entrenotasyacordes.com\/wp-content\/uploads\/2024\/07\/14h-50x50.png 50w\" sizes=\"auto, (max-width: 1080px) 100vw, 1080px\" \/><\/figure>\n<\/div>\n\n\n<p class=\"has-text-align-center\"><strong>Viernes 16 de agosto, 20hs<br>Teatro \u00d3pera La Plata<\/strong><br><strong>Entradas generales a la venta por sistema<\/strong>\u00a0\u00a0<a href=\"https:\/\/livepass.com.ar\/events\/khea-en-el-teatro-opera-lp\" target=\"_blank\" rel=\"noreferrer noopener\">Livepass<\/a>\u00a0<a href=\"https:\/\/livepass.com.ar\/events\/eruca-sativa-en-el-teatro-opera-lp\" target=\"_blank\" rel=\"noreferrer noopener\">\u00a0<\/a>\u00a0y boleter\u00eda del teatro.<\/p>\n\n\n\n<p><strong>Con\u00a0<\/strong>\u00a0<strong>\u00a0Banco Provincia\u00a0tenes 6 cuotas\u00a0 sin inter\u00e9s con tarjeta Visa y Mastercard\u00a0+ 30% de descuento del 13 al 28 de julio<\/strong><\/p>\n\n\n\n<p>Con m\u00e1s de 15 a\u00f1os de trayectoria&nbsp;<strong>Eruca Sativa<\/strong>&nbsp;se presentar\u00e1 nuevamente en el<strong>&nbsp;Teatro \u00d3pera La Plata<\/strong>&nbsp;el<strong>&nbsp;viernes 16 de agosto<\/strong>, 20hs. En este shows la banda estar\u00e1 haciendo un repaso por su discograf\u00eda.<\/p>\n\n\n\n<p><strong>Las entradas ya se encuentran disponibles por sistema&nbsp;<a href=\"https:\/\/livepass.com.ar\/events\/eruca-sativa-en-el-teatro-opera-lp\" target=\"_blank\" rel=\"noreferrer noopener\">Livepass<\/a>&nbsp;y boleter\u00eda del teatro y cuentan con 6 cuotas sin inter\u00e9s con tarjetas Visa y Mastercard del Banco Provincia&nbsp;+ 30% de descuento del 13 al 28 de julio<\/strong><\/p>\n\n\n<div class=\"wp-block-image\">\n<figure class=\"aligncenter size-full is-resized\"><img loading=\"lazy\" decoding=\"async\" width=\"1417\" height=\"2126\" src=\"https:\/\/entrenotasyacordes.com\/wp-content\/uploads\/2024\/07\/14hh.jpg\" alt=\"\" class=\"wp-image-9857\" style=\"width:607px;height:auto\" srcset=\"https:\/\/entrenotasyacordes.com\/wp-content\/uploads\/2024\/07\/14hh.jpg 1417w, https:\/\/entrenotasyacordes.com\/wp-content\/uploads\/2024\/07\/14hh-200x300.jpg 200w, https:\/\/entrenotasyacordes.com\/wp-content\/uploads\/2024\/07\/14hh-683x1024.jpg 683w, https:\/\/entrenotasyacordes.com\/wp-content\/uploads\/2024\/07\/14hh-768x1152.jpg 768w, https:\/\/entrenotasyacordes.com\/wp-content\/uploads\/2024\/07\/14hh-1024x1536.jpg 1024w, https:\/\/entrenotasyacordes.com\/wp-content\/uploads\/2024\/07\/14hh-1365x2048.jpg 1365w\" sizes=\"auto, (max-width: 1417px) 100vw, 1417px\" \/><figcaption class=\"wp-element-caption\">PH Sim\u00f3n Canedo<\/figcaption><\/figure>\n<\/div>\n\n\n<p class=\"has-text-align-left\">Eruca Sativa integrado por Lula Bertoldi, Brenda Mart\u00edn y Gabriel Pedernera\u00a0realizaron en 2023 los festejos por su 15 aniversario con un show en el\u00a0Movistar Arena de Buenos Aires en el mes de diciembre. Adem\u00e1s, sumaron m\u00e1s de 30 shows en Argentina y se embarcaron en una gira mundial en la que recorrieron: Uruguay,\u00a0Paraguay, Chile, Colombia, M\u00e9xico y Espa\u00f1a.<br>Brenda Mart\u00edn y Lula Bertoldi fueron las\u00a0artistas\u00a0elegidas del mes de mayo del mismo a\u00f1o por el programa Equal de Spotify. Un espacio dentro de la plataforma pensado para\u00a0empoderar a las artistas femeninas de todo el mundo y\u00a0amplificar sus voces.<\/p>\n","protected":false},"excerpt":{"rendered":"","protected":false},"author":5,"featured_media":9856,"comment_status":"open","ping_status":"open","sticky":false,"template":"","format":"standard","meta":{"om_disable_all_campaigns":false,"_uf_show_specific_survey":0,"_uf_disable_surveys":false,"footnotes":""},"categories":[36],"tags":[],"class_list":["post-9855","post","type-post","status-publish","format-standard","has-post-thumbnail","hentry","category-conciertos"],"_links":{"self":[{"href":"https:\/\/entrenotasyacordes.com\/index.php?rest_route=\/wp\/v2\/posts\/9855","targetHints":{"allow":["GET"]}}],"collection":[{"href":"https:\/\/entrenotasyacordes.com\/index.php?rest_route=\/wp\/v2\/posts"}],"about":[{"href":"https:\/\/entrenotasyacordes.com\/index.php?rest_route=\/wp\/v2\/types\/post"}],"author":[{"embeddable":true,"href":"https:\/\/entrenotasyacordes.com\/index.php?rest_route=\/wp\/v2\/users\/5"}],"replies":[{"embeddable":true,"href":"https:\/\/entrenotasyacordes.com\/index.php?rest_route=%2Fwp%2Fv2%2Fcomments&post=9855"}],"version-history":[{"count":1,"href":"https:\/\/entrenotasyacordes.com\/index.php?rest_route=\/wp\/v2\/posts\/9855\/revisions"}],"predecessor-version":[{"id":9858,"href":"https:\/\/entrenotasyacordes.com\/index.php?rest_route=\/wp\/v2\/posts\/9855\/revisions\/9858"}],"wp:featuredmedia":[{"embeddable":true,"href":"https:\/\/entrenotasyacordes.com\/index.php?rest_route=\/wp\/v2\/media\/9856"}],"wp:attachment":[{"href":"https:\/\/entrenotasyacordes.com\/index.php?rest_route=%2Fwp%2Fv2%2Fmedia&parent=9855"}],"wp:term":[{"taxonomy":"category","embeddable":true,"href":"https:\/\/entrenotasyacordes.com\/index.php?rest_route=%2Fwp%2Fv2%2Fcategories&post=9855"},{"taxonomy":"post_tag","embeddable":true,"href":"https:\/\/entrenotasyacordes.com\/index.php?rest_route=%2Fwp%2Fv2%2Ftags&post=9855"}],"curies":[{"name":"wp","href":"https:\/\/api.w.org\/{rel}","templated":true}]}}