{"id":9859,"date":"2024-07-17T22:45:23","date_gmt":"2024-07-17T22:45:23","guid":{"rendered":"https:\/\/entrenotasyacordes.com\/?p=9859"},"modified":"2024-07-23T00:01:40","modified_gmt":"2024-07-23T00:01:40","slug":"la-plaza-de-los-chicos-vacaciones-de-invierno","status":"publish","type":"post","link":"https:\/\/entrenotasyacordes.com\/?p=9859","title":{"rendered":"LA PLAZA DE LOS CHICOS &#8211; VACACIONES DE INVIERNO"},"content":{"rendered":"\n<p>TODOS LOS D\u00cdAS DE VACACIONES DE INVIERNO ESPECT\u00c1CULOS FAMILIARES Y TALLERES GRATUITOS PRESENTANDO TU ENTRADA DE TEATRO<\/p>\n\n\n\n<!--more-->\n\n\n<div class=\"wp-block-image\">\n<figure class=\"aligncenter size-full is-resized\"><img loading=\"lazy\" decoding=\"async\" width=\"1080\" height=\"1080\" src=\"https:\/\/entrenotasyacordes.com\/wp-content\/uploads\/2024\/07\/14i.jpg\" alt=\"\" class=\"wp-image-9860\" style=\"width:607px;height:auto\" srcset=\"https:\/\/entrenotasyacordes.com\/wp-content\/uploads\/2024\/07\/14i.jpg 1080w, https:\/\/entrenotasyacordes.com\/wp-content\/uploads\/2024\/07\/14i-300x300.jpg 300w, https:\/\/entrenotasyacordes.com\/wp-content\/uploads\/2024\/07\/14i-1024x1024.jpg 1024w, https:\/\/entrenotasyacordes.com\/wp-content\/uploads\/2024\/07\/14i-150x150.jpg 150w, https:\/\/entrenotasyacordes.com\/wp-content\/uploads\/2024\/07\/14i-768x768.jpg 768w, https:\/\/entrenotasyacordes.com\/wp-content\/uploads\/2024\/07\/14i-50x50.jpg 50w\" sizes=\"auto, (max-width: 1080px) 100vw, 1080px\" \/><\/figure>\n<\/div>\n\n\n<p class=\"has-text-align-left\">La Plaza de los Chicos es un festival con propuestas extraordinarias para que los chicos y chicas se diviertan, disfrutando los momentos m\u00e1s m\u00e1gicos y sorprendentes que solo el teatro en vivo les puede dar.<\/p>\n\n\n\n<p>\u00a1Del 13 al 28 de julio, los chicos mandan!<\/p>\n\n\n\n<p class=\"has-text-align-left\">Entradas en venta en&nbsp;<a href=\"http:\/\/plateanet.com\/\">plateanet.com<\/a>&nbsp;y en la boleter\u00eda del teatro (Av. Corrientes 1660, CABA)<\/p>\n\n\n\n<p class=\"has-text-align-left\"><strong>PROGRAMACI\u00d3N DE ESPECT\u00c1CULOS<\/strong><\/p>\n\n\n\n<p class=\"has-text-align-left\">\u2605&nbsp;&nbsp;&nbsp;&nbsp;&nbsp;&nbsp;&nbsp;<strong><em>LA PIPETU\u00c1 \u2013 Presenta su nuevo show REVISIONES<\/em><\/strong>. La compa\u00f1\u00eda de ocurrencias humor\u00edsticas, sonoras y circenses La Pipetu\u00e1 vuelve al Paseo La Plaza con su espect\u00e1culo Revisiones. Una selecci\u00f3n de las mejores escenas reversionadas de todos sus shows con una est\u00e9tica muy atractiva junto con muchas novedades. Un viaje por la historia del grupo multifac\u00e9tico, en una propuesta divertida y novedosa para toda la familia.&nbsp;Sala Pablo Neruda. Del lunes 15\/7 al domingo 28\/7 a las 15h.<\/p>\n\n\n\n<p class=\"has-text-align-left\">\u2605\u00a0\u00a0\u00a0\u00a0\u00a0\u00a0\u00a0<strong><em>MAGIA MASH UP<\/em><\/strong><em>\u00a0\u2013\u00a0<\/em>Nuevo show de la compa\u00f1\u00eda emblema de las \u00faltimas temporadas de La Plaza de los Chicos que cautiva a las familias con un universo de ilusiones. Magia y m\u00fasica se unen en un show emocionante. Cuatro magas y magos asombran con sus destrezas al ritmo de un DJ. Un espect\u00e1culo \u00fanico para toda la familia, l\u00fadico, participativo, sorprendente, donde en la diversidad est\u00e1 la MAGIA y en el MASH UP, la diversi\u00f3n.Dolly Kent, la maga Abril, el Mago Merpin, son los ingredientes principales para esta mashup de magia. Musicalizada en vivo por el Dj Pinche Cabr\u00f3n y unidos por la varita m\u00e1gica de la r\u00e9gie Teresa Duggan.\u00a0\u00a0Sala Pablo Picasso. Del 13 al 28 de julio a las 17h.<\/p>\n\n\n\n<p class=\"has-text-align-left\">\u2605&nbsp;&nbsp;&nbsp;&nbsp;&nbsp;&nbsp;&nbsp;<strong><em>NILOCOS en YO TENGO UN AMIGO &#8211;&nbsp;<\/em><\/strong>NI LOCOS es una banda de m\u00fasica para chicxs, con canciones que invitan a jugar, divertirse y bailar. El estilo de la banda tiene una fuerte impronta rioplatense y latinoamericana. El repertorio recorre una amplia variedad de ritmos y sonidos, que van desde el candombe y el carnavalito pasando por el rap y la cumbia. La instrumentaci\u00f3n de NILOCOS, con guitarra, cuatro venezolano, bandone\u00f3n, bajo y percusi\u00f3n, le da un color particular a los temas, y sus letras, llenas de humor y poes\u00eda, nos trasladan a mundos fant\u00e1sticos y ocurrentes.&nbsp;&nbsp;Sala Pablo Picasso. Del 13 al 28 de julio a las 15h.<\/p>\n\n\n\n<p class=\"has-text-align-left\">\u25cf&nbsp;&nbsp;&nbsp;&nbsp;&nbsp;&nbsp;&nbsp;&nbsp;<strong><em>MATI SPANO EN VIVO OTRA VEZ!<\/em><\/strong><em>&nbsp;&#8211;&nbsp;<\/em>Luego de un \u00e9xito arrollador en la temporada 2023, Mati Spano vuelve a La Plaza de los Chicos. Es uno de los tiktokers m\u00e1s vistos de habla hispana, y con m\u00e1s de 29 millones de seguidores en TikTok y m\u00e1s de 12 millones de seguidores en YouTube, revoluciona las redes d\u00eda a d\u00eda con su humor y es el preferido de los pre-adolescentes. \u201c<strong>Mati Spano en vivo<\/strong>\u201d cuenta los entretelones de la grabaci\u00f3n de su nuevo show televisivo donde se enfrenta a invitados desopilantes y situaciones que hacen que la tarea resulte casi imposible. \u201cMati Spano en vivo\u201d es una obra inmersiva en la que el p\u00fablico tiene participaci\u00f3n real. Adem\u00e1s&nbsp; Mati presenta sus nuevas canciones en vivo y estar\u00e1 acompa\u00f1ado por otros artistas y bailarines.&nbsp;&nbsp;Sala Pablo Neruda. De mi\u00e9rcoles a domingos a las 17h.<\/p>\n\n\n\n<p>\u2605&nbsp;&nbsp;&nbsp;&nbsp;&nbsp;&nbsp;&nbsp;<strong><em>UNA NOCHE MISTERIOSA&nbsp; &#8211;&nbsp;<\/em><\/strong>Un musical para grandes y chicos con una divertida puesta en escena y m\u00fasica original. En una noche misteriosa como tantas otras, el talism\u00e1n de Nunca M\u00e1s ha desaparecido. Merlina y sus amigos reciben una carta de la directora con una misi\u00f3n: recuperarlo antes del amanecer. Para eso, deber\u00e1n resolver acertijos, enfrentarse a sus propios miedos y sobre todo aprender que la mejor manera de lograrlo es en equipo.&nbsp;Sala Pablo Neruda. S\u00e1bados y domingos a las 13h.<\/p>\n\n\n\n<p class=\"has-text-align-left\">\u2605&nbsp;&nbsp;&nbsp;&nbsp;&nbsp;&nbsp;&nbsp;<strong><em>ENRULATE CON BRIAN en UN VIAJE MUSICAL<\/em><\/strong>&nbsp;\u2013&nbsp; Un viaje musical, liderado por Brian Zeta, m\u00fasico, tecladista, docente de m\u00fasica en nivel inicial y compositor de m\u00fasica infantil. Es una propuesta musical para chicos que recorre los m\u00e1s variados g\u00e9neros: ska, rock, cuarteto, reggae, tango.&nbsp; Brian en 2023 present\u00f3 un disco con participaci\u00f3n de artistas invitados como Ra\u00fal Lavie, Joaqu\u00edn Levinton, Madgalena Fleitas y Kapanga, entre otros. ENRULATE CON BRIAN es una aventura para jugar, cantar y bailar en un mundo de canciones, historias y sorpresas.&nbsp;&nbsp;Sala Pablo Neruda. Lunes y martes a las 17h.<\/p>\n\n\n\n<p class=\"has-text-align-left\">\u2605&nbsp;&nbsp;&nbsp;&nbsp;&nbsp;&nbsp;&nbsp;<strong><em>EL SALPIC\u00d3N &#8211; FUNCIONES DISTENDIDAS &#8211;&nbsp;<\/em><\/strong>Vuelve el cl\u00e1sico musical infantil de Hugo Mid\u00f3n y Carlos Gianni, y en esta ocasi\u00f3n en versi\u00f3n distendida para que tod@s puedan disfrutarlo!<\/p>\n\n\n\n<p>Este espect\u00e1culo nos invita a sumergirnos en el universo imaginario de Hugo Mid\u00f3n,&nbsp; que nos conmueve, divierte y hace reflexionar. Esta obra recupera el valor del juego que transforma lo cotidiano en fant\u00e1stico.&nbsp; Hugo Mid\u00f3n y Carlos Gianni revolucionaron la comedia musical y el teatro infantil. Sus obras y canciones interpelan a grandes y chicxs por poseer un gran sentido del humor, cr\u00edtica social y reflejo de la actualidad.&nbsp;&nbsp;Sala Pablo Picasso. 16, 21, 24 y 28 de julio a las 13h.<\/p>\n\n\n\n<p><strong>\u00bfQU\u00c9 ES UNA FUNCI\u00d3N DISTENDIDA?<\/strong> Las funciones distendidas son funciones de artes esc\u00e9nicas sutilmente modificadas para propiciar un espacio m\u00e1s relajado, m\u00e1s tranquilo y menos formal, beneficiando e integrando a los p\u00fablicos con discapacidades, pero especialmente a personas con dificultades sensoriales, espectro autista, y otras necesidades especiales.<\/p>\n\n\n\n<p>\u2605&nbsp;&nbsp;&nbsp;&nbsp;<strong><em>LA FIESTA DE SOLCITO&nbsp;<\/em><\/strong><em>&#8211;&nbsp;&nbsp;<\/em>La Fiesta de Solcito es una experiencia teatral aut\u00e9ntica, divertida y conmovedora dirigida a toda la familia. A trav\u00e9s de la m\u00fasica, cuentos y personajes, te vas a sumergir en un viaje lleno de emociones y aprendizajes. Un show que invita a encontrar un equilibrio entre la tecnolog\u00eda y las conexiones humanas, promoviendo la comunicaci\u00f3n afectiva con las infancias y un ambiente seguro y respetuoso.&nbsp;Sala Pablo Neruda. S\u00e1bado 13 y domingo 14 de julio a las 14.45h.<\/p>\n\n\n\n<p class=\"has-text-align-left\">\u2605&nbsp;&nbsp;&nbsp;&nbsp;&nbsp;&nbsp;&nbsp;<strong><em>UN POQUITO M\u00c1S ALL\u00c1 presenta VOCALCIONES DE INVIERNO&nbsp;<\/em><\/strong><em>&nbsp;&#8211;&nbsp;<\/em>Un show a todo ritmo, con canciones que recorren diversos estilos musicales que reflejan las m\u00e1s hermosas historias de las infancias. M\u00fasica, teatro y humor para interactuar con el p\u00fablico y bailar juntos.&nbsp; \u201cUn poquito m\u00e1s all\u00e1\u201d es un proyecto para las infancias que surge a partir de infinitas charlas entre docentes, amigos, mam\u00e1s y pap\u00e1s. Miles de preguntas, vivencias en casa, en el jard\u00edn de infantes y en la escuela, que fueron tomando forma y se transformaron en canciones que narran historias, presentan personajes y abren mundos enteros.&nbsp;&nbsp;Sala Pablo Picasso. Domingo 14 de julio y viernes 26 de julio a las 13h.<\/p>\n\n\n\n<p class=\"has-text-align-left\">\u2605&nbsp;&nbsp;&nbsp;&nbsp;&nbsp;&nbsp;&nbsp;&nbsp;<strong>HOLA SOY CHIQUITO presenta MUNDO CHIQUITO El poder de la imaginaci\u00f3n<\/strong>&nbsp;\u2013 Una obra que invita a jugar con el humor, junto a Chiquito y sus amigos, en donde las situaciones disparatadas toman el centro de la escena provocando la risa en ni\u00f1os y adultos.&nbsp; Comienza el primer d\u00eda de unas grandes vacaciones que prometen ser alucinantes, pero una lluvia imprevista cambia los planes por completo. Es all\u00ed donde Chiquito y sus amigos, deben pensar nuevas formas de divertirse. Para lo cual recurren a \u00abEl Poder De La Imaginaci\u00f3n\u00bb creando grandes y diversas aventuras en el living de su casa.&nbsp;&nbsp;Sala Pablo Picasso. 18 y 22 de julio a las 13h.<\/p>\n\n\n\n<p>\u2605&nbsp;&nbsp;&nbsp;&nbsp;&nbsp;&nbsp;&nbsp;&nbsp;<strong>ANNA Y ELSA, UN MUSICAL ENTRE HIELOS<\/strong>&nbsp;&#8211; Del 13 al 28 de julio a las 17.45h. Doble funci\u00f3n a las&nbsp;&nbsp; 14h los d\u00edas 13, 14, 15, 16, 21, 22, 23 y&nbsp; 24 de julio.Sala Terraza Teatro Bar.<\/p>\n\n\n\n<p>\u2605&nbsp;&nbsp;&nbsp;&nbsp;&nbsp;&nbsp;&nbsp;&nbsp;<strong>EL REINO DE LOS DESEOS<\/strong>&#8211; Del 13 al 28 de julio a las 16.30h. Doble funci\u00f3n a las 14h los d\u00edas 17, 18, 19, 20, 25, 26, 27 y 28 de julio.Sala Terraza Teatro Bar.<\/p>\n\n\n\n<p class=\"has-text-align-left\">\u2605&nbsp;&nbsp;&nbsp;&nbsp;&nbsp;&nbsp;&nbsp;&nbsp;<strong>ALADIN, EL GENIO, LA L\u00c1MPARA Y LA PRINCESA<\/strong>&nbsp;&#8211; Del 13 al 28 de julio a las 15:15h. Sala Terraza Teatro Bar.<\/p>\n\n\n\n<p class=\"has-text-align-left\">\u2605&nbsp;&nbsp;&nbsp;&nbsp;&nbsp;&nbsp;&nbsp;&nbsp;<strong>VILLANOS, EL MUSICAL&nbsp;<\/strong>&#8211; Del 13 al 28 de julio a las 19h. Sala Terraza Teatro Bar.<\/p>\n\n\n\n<p>\u2605&nbsp;&nbsp;&nbsp;&nbsp;<strong>ESCUELA DE SUPER H\u00c9ROES<\/strong>&nbsp;-Del 13 al 28 de julio a las 14h, a las 16h y a las 18h<strong>.&nbsp;<\/strong>Sala Konzert.<em><\/em><\/p>\n\n\n\n<p>\u2605&nbsp;&nbsp;&nbsp;&nbsp;<strong>A VOLAR CON LA IMAGINACI\u00d3N&nbsp;<\/strong>-Del 13 al 28 de julio a las 15h y a las 17h<strong>.&nbsp;<\/strong>Sala Konzert.<em><\/em><\/p>\n\n\n\n<p>\u2605&nbsp;&nbsp;&nbsp;&nbsp;&nbsp;&nbsp;&nbsp;&nbsp;<strong>JUGANDO CON CANCIONES&nbsp;&nbsp;<\/strong>&#8211; Del 13 al 28 de julio a las 17:30h. Sala Cort\u00e1zar.<\/p>\n\n\n\n<p>\u2605&nbsp;&nbsp;&nbsp;&nbsp;&nbsp;&nbsp;&nbsp;&nbsp;<strong>PETER PAN Y LA TIERRA DE NUNCA JAM\u00c1S&nbsp;&nbsp;<\/strong>&#8211; Viernes 26\/7 a las 19h. Sala Cort\u00e1zar.<\/p>\n\n\n\n<p>\u2605&nbsp;&nbsp;&nbsp;&nbsp;&nbsp;&nbsp;&nbsp;&nbsp;<strong>MAGO DE OZ<\/strong>&nbsp;&#8211; Viernes 19\/7 a las 19h. Sala Cort\u00e1zar.<\/p>\n\n\n\n<p>\u2605&nbsp;&nbsp;&nbsp;&nbsp;&nbsp;&nbsp;&nbsp;&nbsp;<strong>EL HECHIZO DE \u00daRSULA&nbsp;&nbsp;<\/strong>&#8211; 13, 15, 19, 22, 23, 24, 25, 26 y 27 de julio,a las 15:20h; 14, 17, 18, 20, 21 y 28 de julio a las 16:30h. Sala Cort\u00e1zar.<\/p>\n\n\n\n<p>\u2605&nbsp;&nbsp;&nbsp;&nbsp;&nbsp;&nbsp;&nbsp;&nbsp;<strong>JUGANDO CON CANCIONES<\/strong>&nbsp;&#8211; Del 13 al 28 de Julio a las 17:40h. Sala Cort\u00e1zar.<\/p>\n\n\n\n<p>\u2605&nbsp;&nbsp;&nbsp;&nbsp;&nbsp;&nbsp;&nbsp;&nbsp;<strong>DE QU\u00c9 LADO EST\u00c1S?&nbsp;&nbsp;<\/strong>&#8211; 13, 15, 17, 19, 22, 23, 24, 25, 26 y 27 de julio,a las 16:30h; 14, 18, 20, 21 y 28 de julio a las 15:20h. Sala Cort\u00e1zar.<\/p>\n\n\n\n<p>\u2605&nbsp;&nbsp;&nbsp;&nbsp;&nbsp;&nbsp;&nbsp;&nbsp;<strong>LA MAGIA DE SABRI<\/strong>&nbsp;&#8211; 13, 14, 20, 21, 25, 26, 27, 28 de julio a las 14h. Sala Cort\u00e1zar.<\/p>\n\n\n\n<p>\u2605&nbsp;&nbsp;&nbsp;&nbsp;&nbsp;&nbsp;&nbsp;&nbsp;<strong>FANTAS\u00cdA, UN VIAJE M\u00c1GICO<\/strong>&nbsp;&#8211; Del 15 al 19 de julio y del 22 al 24 a las 14h. Sala Cort\u00e1zar.<\/p>\n\n\n\n<p class=\"has-text-align-left\">\u2605&nbsp;&nbsp;&nbsp;&nbsp;&nbsp;&nbsp;&nbsp;&nbsp;<strong>SUPERH\u00c9ROES ENREDADOS CON PRINCESAS<\/strong>&nbsp;&#8211; Del 16 y&nbsp; 17 de julio a las 15.20h. Sala Cort\u00e1zar.<\/p>\n\n\n\n<p class=\"has-text-align-left\">Actividades de acceso gratuito presentando tu entrada de teatro:<br>\u2605&nbsp;&nbsp;&nbsp;&nbsp;&nbsp;&nbsp;&nbsp;&nbsp;Taller de Arte \u00c9XITO<br>\u2605&nbsp;&nbsp;&nbsp;&nbsp;&nbsp;&nbsp;&nbsp;&nbsp;PIRELLI KIDS ZONE donde chicos y chicas se convierten en pilotos de F1 por un rato<br>\u2605&nbsp;&nbsp;&nbsp;&nbsp;&nbsp;&nbsp;&nbsp;&nbsp;Espacio McDonald\u00b4s<br>\u2605&nbsp;&nbsp;&nbsp;&nbsp;&nbsp;&nbsp;&nbsp;&nbsp;Taller de Pl\u00e1stica de Laboratorio Algabo y Simball.<\/p>\n\n\n\n<p class=\"has-text-align-center\">Santander American Express, Swiss Medical y \u00c9xito presentan La Plaza de los Chicos<\/p>\n\n\n\n<p class=\"has-text-align-center\">Invitan: Pirelli y McDonald\u00b4s<br>Auspician: Radio Mitre, Yelmo, Citric, Simball y Laboratorio Algabo<br>Instagram y Facebook: @laplazadeloschicos<br>www.&nbsp;<a href=\"http:\/\/laplazadeloschicos.com\/\">laplazadeloschicos.com<\/a><\/p>\n\n\n\n<p class=\"has-text-align-center\">Entradas anticipadas para todos los espect\u00e1culos familiares ya en venta en&nbsp;<a href=\"https:\/\/plateanet.com\/\">Plateanet.com<\/a>&nbsp;y en la boleter\u00eda del Paseo La Plaza, Av. Corrientes 1660.<\/p>\n","protected":false},"excerpt":{"rendered":"<p>TODOS LOS D\u00cdAS DE VACACIONES DE INVIERNO ESPECT\u00c1CULOS FAMILIARES Y TALLERES GRATUITOS PRESENTANDO TU ENTRADA<\/p>\n","protected":false},"author":5,"featured_media":9860,"comment_status":"open","ping_status":"open","sticky":false,"template":"","format":"standard","meta":{"om_disable_all_campaigns":false,"_uf_show_specific_survey":0,"_uf_disable_surveys":false,"footnotes":""},"categories":[9],"tags":[],"class_list":["post-9859","post","type-post","status-publish","format-standard","has-post-thumbnail","hentry","category-cine-y-teatro"],"_links":{"self":[{"href":"https:\/\/entrenotasyacordes.com\/index.php?rest_route=\/wp\/v2\/posts\/9859","targetHints":{"allow":["GET"]}}],"collection":[{"href":"https:\/\/entrenotasyacordes.com\/index.php?rest_route=\/wp\/v2\/posts"}],"about":[{"href":"https:\/\/entrenotasyacordes.com\/index.php?rest_route=\/wp\/v2\/types\/post"}],"author":[{"embeddable":true,"href":"https:\/\/entrenotasyacordes.com\/index.php?rest_route=\/wp\/v2\/users\/5"}],"replies":[{"embeddable":true,"href":"https:\/\/entrenotasyacordes.com\/index.php?rest_route=%2Fwp%2Fv2%2Fcomments&post=9859"}],"version-history":[{"count":2,"href":"https:\/\/entrenotasyacordes.com\/index.php?rest_route=\/wp\/v2\/posts\/9859\/revisions"}],"predecessor-version":[{"id":9931,"href":"https:\/\/entrenotasyacordes.com\/index.php?rest_route=\/wp\/v2\/posts\/9859\/revisions\/9931"}],"wp:featuredmedia":[{"embeddable":true,"href":"https:\/\/entrenotasyacordes.com\/index.php?rest_route=\/wp\/v2\/media\/9860"}],"wp:attachment":[{"href":"https:\/\/entrenotasyacordes.com\/index.php?rest_route=%2Fwp%2Fv2%2Fmedia&parent=9859"}],"wp:term":[{"taxonomy":"category","embeddable":true,"href":"https:\/\/entrenotasyacordes.com\/index.php?rest_route=%2Fwp%2Fv2%2Fcategories&post=9859"},{"taxonomy":"post_tag","embeddable":true,"href":"https:\/\/entrenotasyacordes.com\/index.php?rest_route=%2Fwp%2Fv2%2Ftags&post=9859"}],"curies":[{"name":"wp","href":"https:\/\/api.w.org\/{rel}","templated":true}]}}