{"id":9862,"date":"2024-07-19T19:56:55","date_gmt":"2024-07-19T19:56:55","guid":{"rendered":"https:\/\/entrenotasyacordes.com\/?p=9862"},"modified":"2024-07-19T19:56:56","modified_gmt":"2024-07-19T19:56:56","slug":"luz-martin-devela-su-segundo-single-y-video-a-donde-quieras-ir","status":"publish","type":"post","link":"https:\/\/entrenotasyacordes.com\/?p=9862","title":{"rendered":"LUZ MARTIN\u00a0DEVELA SU SEGUNDO SINGLE Y VIDEO A DONDE QUIERAS IR"},"content":{"rendered":"\n<p>Despu\u00e9s del exitoso estreno de Plural, Luz presenta A Donde Quieras Ir. Es su segundo corte y \u00faltimo antes de la salida oficial de Triste y Feliz, su primer EP<\/p>\n\n\n\n<!--more-->\n\n\n<div class=\"wp-block-image\">\n<figure class=\"aligncenter size-full is-resized\"><img loading=\"lazy\" decoding=\"async\" width=\"1080\" height=\"1080\" src=\"https:\/\/entrenotasyacordes.com\/wp-content\/uploads\/2024\/07\/15a.jpg\" alt=\"\" class=\"wp-image-9863\" style=\"width:607px;height:auto\" srcset=\"https:\/\/entrenotasyacordes.com\/wp-content\/uploads\/2024\/07\/15a.jpg 1080w, https:\/\/entrenotasyacordes.com\/wp-content\/uploads\/2024\/07\/15a-300x300.jpg 300w, https:\/\/entrenotasyacordes.com\/wp-content\/uploads\/2024\/07\/15a-1024x1024.jpg 1024w, https:\/\/entrenotasyacordes.com\/wp-content\/uploads\/2024\/07\/15a-150x150.jpg 150w, https:\/\/entrenotasyacordes.com\/wp-content\/uploads\/2024\/07\/15a-768x768.jpg 768w, https:\/\/entrenotasyacordes.com\/wp-content\/uploads\/2024\/07\/15a-50x50.jpg 50w\" sizes=\"auto, (max-width: 1080px) 100vw, 1080px\" \/><\/figure>\n<\/div>\n\n\n<p class=\"has-text-align-left\">\u2018A Donde Quieras Ir\u2019 evoca a la nostalgia con armon\u00edas suaves, donde ganan protagonismo los teclados y sintetizadores; es una canci\u00f3n pop con tonos de balada, que muestra el otro lado compositivo de la artista.<\/p>\n\n\n\n<p class=\"has-text-align-left\">Es una canci\u00f3n de amor dedicada a las personas que siempre van con vos.<\/p>\n\n\n\n<p class=\"has-text-align-left\">Una vez m\u00e1s, Luz Martin hace canci\u00f3n su propia historia.<\/p>\n\n\n\n<p class=\"has-text-align-left\">Producido por Fede Cabral (m\u00fasico solista, compositor, productor, ex cantante de Sancamaleon). Cuenta con la participaci\u00f3n especial del prestigioso baterista Mario Serra (Virus) y completa Flor Storbo en guitarra. Grabado a fines del 2023 en los estudios Florida Music,y Estudio PPPerilla. La masterizaci\u00f3n estuvo a cargo de Pablo L\u00f3pez Ruiz.<\/p>\n\n\n\n<p class=\"has-text-align-left\"><strong>LUZ NOS CUENTA + SOBRE EL SINGLE<\/strong><br>Es un mensaje que viene del pasado. Comenz\u00f3 siendo para mi gato, luego se extendi\u00f3 a un mensaje que tambi\u00e9n comparto con mis amigos m\u00e1s cercanos. \u201cTe acompa\u00f1o\u201d, a donde quieras ir voy.<\/p>\n\n\n\n<p class=\"has-text-align-left\">Pero despu\u00e9s encontr\u00e9 otro significado m\u00e1s profundo: Mi ni\u00f1a peque\u00f1a que alguna vez cant\u00f3 sin parar, y respiraba m\u00fasica y canciones; apareci\u00f3 para recordarme que ten\u00eda que activar. Hay que hacer valer los dones y la raz\u00f3n por la que uno vino a este mundo. Esta canci\u00f3n repite \u201cA donde quieras ir yo voy a ir\u201d &#8211; A ese camino que me marcaste, lo voy a hacer realidad. Es un mensaje de Luz de 31 a\u00f1os para la Luz peque\u00f1ita de 1990 que so\u00f1aba con ser cantante.<\/p>\n\n\n\n<p class=\"has-text-align-left\">Adem\u00e1s, no se me ocurri\u00f3 mejor idea que combinar dos de mis grandes amores en el arte de tapa: Un cuadro al \u00f3leo pintado por mi abuela, Stella Maris Villar que personifica a Winston, mi gato, en su representaci\u00f3n como \u2018rey de la casa\u2019.<\/p>\n\n\n\n<p><strong>ACERCA DEL VIDEOCLIP<\/strong><\/p>\n\n\n\n<p>Dirigido por: Luz Martin<br>Editado por: Mata Lemat<\/p>\n\n\n\n<figure class=\"wp-block-embed is-type-video is-provider-youtube wp-block-embed-youtube wp-embed-aspect-16-9 wp-has-aspect-ratio\"><div class=\"wp-block-embed__wrapper\">\n<div class=\"epyt-video-wrapper\"><iframe loading=\"lazy\"  id=\"_ytid_26536\"  width=\"640\" height=\"360\"  data-origwidth=\"640\" data-origheight=\"360\" src=\"https:\/\/www.youtube.com\/embed\/8mUPvv-xvUM?enablejsapi=1&#038;autoplay=0&#038;cc_load_policy=0&#038;cc_lang_pref=&#038;iv_load_policy=1&#038;loop=0&#038;rel=1&#038;fs=1&#038;playsinline=0&#038;autohide=2&#038;theme=dark&#038;color=white&#038;controls=1&#038;\" class=\"__youtube_prefs__  epyt-is-override  no-lazyload\" data-vol=\"50\"  title=\"YouTube player\"  allow=\"fullscreen; accelerometer; autoplay; clipboard-write; encrypted-media; gyroscope; picture-in-picture; web-share\" referrerpolicy=\"strict-origin-when-cross-origin\" allowfullscreen data-no-lazy=\"1\" data-skipgform_ajax_framebjll=\"\"><\/iframe><\/div>\n<\/div><\/figure>\n\n\n\n<p>El videoclip es muy distinto a su antecesor \u2018Plural\u2019; ac\u00e1 la nostalgia se hace presente a trav\u00e9s de las im\u00e1genes, mezclando materiales de archivo con texturas de VHS (Como siempre aludiendo a lo retro) y con los videos actuales de la presentaci\u00f3n en vivo de esa canci\u00f3n, pre-estreno que se dio en Casa Temple. Se hace real el di\u00e1logo entre esa ni\u00f1a peque\u00f1a, y la Luz de hoy. Dirigido por Luz, y editado por su gran amigo MATA LEMAT (Mat\u00edas Gonzalez, fundador de Matriz Audiovisual)<\/p>\n","protected":false},"excerpt":{"rendered":"<p>Despu\u00e9s del exitoso estreno de Plural, Luz presenta A Donde Quieras Ir. Es su segundo<\/p>\n","protected":false},"author":5,"featured_media":9864,"comment_status":"open","ping_status":"open","sticky":false,"template":"","format":"standard","meta":{"om_disable_all_campaigns":false,"_uf_show_specific_survey":0,"_uf_disable_surveys":false,"footnotes":""},"categories":[4],"tags":[],"class_list":["post-9862","post","type-post","status-publish","format-standard","has-post-thumbnail","hentry","category-musica"],"_links":{"self":[{"href":"https:\/\/entrenotasyacordes.com\/index.php?rest_route=\/wp\/v2\/posts\/9862","targetHints":{"allow":["GET"]}}],"collection":[{"href":"https:\/\/entrenotasyacordes.com\/index.php?rest_route=\/wp\/v2\/posts"}],"about":[{"href":"https:\/\/entrenotasyacordes.com\/index.php?rest_route=\/wp\/v2\/types\/post"}],"author":[{"embeddable":true,"href":"https:\/\/entrenotasyacordes.com\/index.php?rest_route=\/wp\/v2\/users\/5"}],"replies":[{"embeddable":true,"href":"https:\/\/entrenotasyacordes.com\/index.php?rest_route=%2Fwp%2Fv2%2Fcomments&post=9862"}],"version-history":[{"count":1,"href":"https:\/\/entrenotasyacordes.com\/index.php?rest_route=\/wp\/v2\/posts\/9862\/revisions"}],"predecessor-version":[{"id":9865,"href":"https:\/\/entrenotasyacordes.com\/index.php?rest_route=\/wp\/v2\/posts\/9862\/revisions\/9865"}],"wp:featuredmedia":[{"embeddable":true,"href":"https:\/\/entrenotasyacordes.com\/index.php?rest_route=\/wp\/v2\/media\/9864"}],"wp:attachment":[{"href":"https:\/\/entrenotasyacordes.com\/index.php?rest_route=%2Fwp%2Fv2%2Fmedia&parent=9862"}],"wp:term":[{"taxonomy":"category","embeddable":true,"href":"https:\/\/entrenotasyacordes.com\/index.php?rest_route=%2Fwp%2Fv2%2Fcategories&post=9862"},{"taxonomy":"post_tag","embeddable":true,"href":"https:\/\/entrenotasyacordes.com\/index.php?rest_route=%2Fwp%2Fv2%2Ftags&post=9862"}],"curies":[{"name":"wp","href":"https:\/\/api.w.org\/{rel}","templated":true}]}}