{"id":9872,"date":"2024-07-20T01:20:23","date_gmt":"2024-07-20T01:20:23","guid":{"rendered":"https:\/\/entrenotasyacordes.com\/?p=9872"},"modified":"2024-07-20T01:20:25","modified_gmt":"2024-07-20T01:20:25","slug":"domelipa-ozuna-se-unen-para-sorprender-a-todoscon-su-nueva-colaboracionese-vato","status":"publish","type":"post","link":"https:\/\/entrenotasyacordes.com\/?p=9872","title":{"rendered":"DOMELIPA &amp; OZUNA se unen para sorprender a todoscon su nueva colaboraci\u00f3n\u201cESE VATO\u201d"},"content":{"rendered":"\n<!--more-->\n\n\n<div class=\"wp-block-image\">\n<figure class=\"aligncenter size-full is-resized\"><img loading=\"lazy\" decoding=\"async\" width=\"393\" height=\"397\" src=\"https:\/\/entrenotasyacordes.com\/wp-content\/uploads\/2024\/07\/15c.jpg\" alt=\"\" class=\"wp-image-9873\" style=\"width:607px;height:auto\" srcset=\"https:\/\/entrenotasyacordes.com\/wp-content\/uploads\/2024\/07\/15c.jpg 393w, https:\/\/entrenotasyacordes.com\/wp-content\/uploads\/2024\/07\/15c-297x300.jpg 297w, https:\/\/entrenotasyacordes.com\/wp-content\/uploads\/2024\/07\/15c-50x50.jpg 50w\" sizes=\"auto, (max-width: 393px) 100vw, 393px\" \/><\/figure>\n<\/div>\n\n\n<p class=\"has-text-align-left\">Siendo este el inicio de la carrera musical de <strong>DOMELIPA<\/strong>, no deja de sorprender a sus seguidores, en este caso con el lanzamiento de su nueva canci\u00f3n para el verano, un tema de pop-rock retro titulado \u201c<strong>ESE VATO<\/strong>\u201d junto al puertorrique\u00f1 o <strong>Ozuna<\/strong>.<br><br>El single fue producido por el colombiano Ovy On The Drums, creador de \u00e9xitos como \u201cTusa\u201d, \u201cBichota\u201d, \u201cNena Maldici\u00f3n\u201d, \u201cTe vi\u201d, entre otros. Esta es la primera colaboraci\u00f3n entre la cantante mexicana y el astro puertorrique\u00f1o <strong>Ozuna<\/strong>, quien cuenta con m\u00e1s de 42 millones de oyentes mensuales y \u00e9xitos internacionales como \u201c <strong>Hey Mor<\/strong>\u201d, \u201c<strong>Se Prepar\u00f3<\/strong>\u201d, \u201c<strong>Dile Que T\u00fa Me Quieres<\/strong> \u201d, consolid\u00e1ndose como uno de los exponentes musicales m\u00e1s importantes de su pa\u00eds y de Latinoam\u00e9rica.<\/p>\n\n\n\n<p class=\"has-text-align-left\">\u201c<strong><a href=\"https:\/\/eur01.safelinks.protection.outlook.com\/?url=https%3A%2F%2Fclick.emails.sonymusicfans.com%2F%3Fqs%3D4a0672cb16f639b382908b13acc285988a75ae13789082f4271ae746c534ba4f6915ae7b53ecfe8cce19fe0e89db97a2ad7f9bda81bed78e&amp;data=05%7C02%7Clucila.juan%40sonymusic.com%7C1f83b07d0a224fa012e108dca78abc15%7Cf0aff3b791a54aaeaf71c63e1dda2049%7C0%7C0%7C638569461510424593%7CUnknown%7CTWFpbGZsb3d8eyJWIjoiMC4wLjAwMDAiLCJQIjoiV2luMzIiLCJBTiI6Ik1haWwiLCJXVCI6Mn0%3D%7C0%7C%7C%7C&amp;sdata=tgUbl%2FMmgllaUAZOkhSRmxrpklHYiCdDyG5MI5PY5p4%3D&amp;reserved=0\">ESE VATO<\/a><\/strong> \u201d es un tema coqueto que narra la historia de dos personas que se gustan pero no quieren ning\u00fan t\u00edtulo oficial y solo quieren pasarla bien. La nueva colaboraci\u00f3n viene acompa\u00f1ada de un video musical de inspiraci\u00f3n veraniega que muestra a ambos artistas navegando por las aguas de Miami en un yate, de una manera muy relajada y divertida. El video fue producido por Wildhouse Pictures, a cargo del director Dave y la productora Maricel Zambrano.<br><br>\u201c<em>Es una oportunidad incre\u00edble y le agradezco mucho a \u00e9l\u201d,<\/em> dice DOMELIPA a <em>Billboard<\/em>. <em>\u201c Fue muy cool el hecho de vernos en persona y platicar. Es una persona que admiro mucho. Son cosas que la Dome ni\u00f1a no se lo creer\u00eda todav\u00eda\u201d.<\/em><\/p>\n\n\n\n<p class=\"has-text-align-left\"><\/p>\n","protected":false},"excerpt":{"rendered":"","protected":false},"author":5,"featured_media":9874,"comment_status":"open","ping_status":"open","sticky":false,"template":"","format":"standard","meta":{"om_disable_all_campaigns":false,"_uf_show_specific_survey":0,"_uf_disable_surveys":false,"footnotes":""},"categories":[4],"tags":[],"class_list":["post-9872","post","type-post","status-publish","format-standard","has-post-thumbnail","hentry","category-musica"],"_links":{"self":[{"href":"https:\/\/entrenotasyacordes.com\/index.php?rest_route=\/wp\/v2\/posts\/9872","targetHints":{"allow":["GET"]}}],"collection":[{"href":"https:\/\/entrenotasyacordes.com\/index.php?rest_route=\/wp\/v2\/posts"}],"about":[{"href":"https:\/\/entrenotasyacordes.com\/index.php?rest_route=\/wp\/v2\/types\/post"}],"author":[{"embeddable":true,"href":"https:\/\/entrenotasyacordes.com\/index.php?rest_route=\/wp\/v2\/users\/5"}],"replies":[{"embeddable":true,"href":"https:\/\/entrenotasyacordes.com\/index.php?rest_route=%2Fwp%2Fv2%2Fcomments&post=9872"}],"version-history":[{"count":1,"href":"https:\/\/entrenotasyacordes.com\/index.php?rest_route=\/wp\/v2\/posts\/9872\/revisions"}],"predecessor-version":[{"id":9875,"href":"https:\/\/entrenotasyacordes.com\/index.php?rest_route=\/wp\/v2\/posts\/9872\/revisions\/9875"}],"wp:featuredmedia":[{"embeddable":true,"href":"https:\/\/entrenotasyacordes.com\/index.php?rest_route=\/wp\/v2\/media\/9874"}],"wp:attachment":[{"href":"https:\/\/entrenotasyacordes.com\/index.php?rest_route=%2Fwp%2Fv2%2Fmedia&parent=9872"}],"wp:term":[{"taxonomy":"category","embeddable":true,"href":"https:\/\/entrenotasyacordes.com\/index.php?rest_route=%2Fwp%2Fv2%2Fcategories&post=9872"},{"taxonomy":"post_tag","embeddable":true,"href":"https:\/\/entrenotasyacordes.com\/index.php?rest_route=%2Fwp%2Fv2%2Ftags&post=9872"}],"curies":[{"name":"wp","href":"https:\/\/api.w.org\/{rel}","templated":true}]}}