{"id":9885,"date":"2024-07-20T12:44:40","date_gmt":"2024-07-20T12:44:40","guid":{"rendered":"https:\/\/entrenotasyacordes.com\/?p=9885"},"modified":"2024-07-20T12:44:42","modified_gmt":"2024-07-20T12:44:42","slug":"el-pelado-cordera-presenta-de-la-cabeza-al-corazon","status":"publish","type":"post","link":"https:\/\/entrenotasyacordes.com\/?p=9885","title":{"rendered":"EL PELADO CORDERA PRESENTA \u201cDE LA CABEZA AL CORAZ\u00d3N\u201d"},"content":{"rendered":"\n<!--more-->\n\n\n<div class=\"wp-block-image\">\n<figure class=\"aligncenter size-full is-resized\"><img loading=\"lazy\" decoding=\"async\" width=\"853\" height=\"853\" src=\"https:\/\/entrenotasyacordes.com\/wp-content\/uploads\/2024\/07\/16c.jpg\" alt=\"\" class=\"wp-image-9886\" style=\"width:607px;height:auto\" srcset=\"https:\/\/entrenotasyacordes.com\/wp-content\/uploads\/2024\/07\/16c.jpg 853w, https:\/\/entrenotasyacordes.com\/wp-content\/uploads\/2024\/07\/16c-300x300.jpg 300w, https:\/\/entrenotasyacordes.com\/wp-content\/uploads\/2024\/07\/16c-150x150.jpg 150w, https:\/\/entrenotasyacordes.com\/wp-content\/uploads\/2024\/07\/16c-768x768.jpg 768w, https:\/\/entrenotasyacordes.com\/wp-content\/uploads\/2024\/07\/16c-50x50.jpg 50w\" sizes=\"auto, (max-width: 853px) 100vw, 853px\" \/><\/figure>\n<\/div>\n\n\n<p class=\"has-text-align-left\"><strong>Gustavo Cordera<\/strong> siempre sorprende, con sus melod\u00edas, con su poes\u00eda, con su arte. Toma a la libertad de jugar como un modo de vida, desde ah\u00ed provoca la energ\u00eda que irradian sus canciones. Sus shows se convierten en ritos, en grandes celebraciones, y sus discos se establecen como necesarios.<br><br>Con el adelanto de <strong>EL BAILE DE LA GAMBETA<\/strong>, El Pelado Cordera comenz\u00f3 a presentarnos este disco muy especial en su carrera: <strong>DE LA CABEZA AL CORAZ\u00d3N<\/strong>, donde estrena nuevos temas y por primera vez vuelve a visitar viejas canciones, desarmarlas y volverlas a armar.<br><br>Cada canci\u00f3n contar\u00e1 con su propio videoclip, dirigidos por Niko Sedano, los que conforman una pel\u00edcula\/serie de 12 cap\u00edtulos bajo un mismo escenario. 13 genios, 13 locos, un perro, una cabeza\u2026 y un coraz\u00f3n.<\/p>\n\n\n\n<p class=\"has-text-align-left\"><strong><em>Escribi\u00f3 Cordera:<\/em><\/strong><br><em>\u201cEste disco surge de un encuentro con Marcelo Predacino; nos pusimos a improvisar, a jugar y la idea de grabar del mismo modo, no porque haya que hacerlo, sino por el simple hecho de crear libremente sin expectativas, sin modelos a seguir. Es tan grande la cantidad de canciones que hice en 36 a\u00f1os, con este ya son 17 discos. O sea, no precisaba hacer un disco y creo que eso es lo m\u00e1s hermoso que te pueda pasar como ser humano: hacer algo que no sea por necesidad. Encontrarse sin necesidades, y sin esperanza tambi\u00e9n, es un lugar que habit\u00e9 desde donde se fecund\u00f3 este disco, que no pretende absolutamente nada m\u00e1s que ser un acto de generosidad, arrojo y juego, para compartirlo con todos ustedes.<\/em><br><br><em>El juego fue encontrarnos con las canciones o, mejor dicho, que las canciones nos encuentren a nosotros dispuestos a jugar con ellas. Eso es \u201cDe la cabeza al coraz\u00f3n\u201d. Es un tr\u00e1nsito, un viaje de esta vibraci\u00f3n, de la mente al coraz\u00f3n.<\/em><\/p>\n\n\n\n<p class=\"has-text-align-left\"><em>Retornamos al esp\u00edritu de las canciones. Cuando llega la ruptura de la cabeza entra el sol, o sea entra la divinidad en esa grieta, se abre el coraz\u00f3n y el disco empieza a respirar Amor, a respirar Esp\u00edritu.<\/em><br><br><em>Me gustar\u00eda que la gente pueda, esta vez, meterse en la totalidad, no de una sola canci\u00f3n, sino arrojarse y entregarse a la experiencia.<\/em><\/p>\n\n\n\n<p class=\"has-text-align-left\"><em>Los invito a escucharlo, a sentirlo, no se pierdan esta gran oportunidad\u201d.<\/em><br>\u00a0<br>\u201cDe la cabeza al coraz\u00f3n\u201d, un disco necesario para estos tiempos.<\/p>\n\n\n\n<p class=\"has-text-align-center\"><strong>DE LA CABEZA AL CORAZ\u00d3N<\/strong><br><strong>1.Canci\u00f3n para mi cabeza<\/strong><br><strong>2-El gordo Motoneta <\/strong><em>(Cordera-C\u00e9spedes)<\/em><br><strong>3-La del toro <\/strong><em>(Cordera-Su\u00e1rez)<\/em><br><strong>4-De ah\u00ed soy yo <\/strong><em>(Cordera-C\u00e9spedes-Mart\u00edn-Alarc\u00f3n)<\/em><br><strong>5-En la ribera<\/strong><br><strong>6-Caroncha<\/strong><br><strong>7-Abrazo de gol <\/strong><em>(Cordera-Predacino)<\/em><br><strong>8-Rosaura<\/strong><br><strong>9-Mi amigo coraz\u00f3n<\/strong><br><strong>10-Soy campe\u00f3n<\/strong><br><strong>11-El baile de la gambeta<\/strong><br><strong>12-Nacer<\/strong><br><br><em>*Todos los temas compuestos por Gustavo Cordera, salvo los indicados.<\/em><\/p>\n\n\n\n<p class=\"has-text-align-left\"><strong>Ficha t\u00e9cnica:<\/strong><br><strong>Gustavo Cordera<\/strong>: Voz<br><strong>Marcelo Predacino<\/strong>: Guitarra Ac\u00fastica y El\u00e9ctrica,<br>Bajo, Coros y Bombo Leg\u00fcero<br><strong>Nicol\u00e1s Guerrieri<\/strong>: Teclados y Programaci\u00f3n<br><strong>Diego Ortells<\/strong>: Piano y Teclados<br><strong>Guadalupe Far\u00edas G\u00f3mez<\/strong>: Coros y Percusi\u00f3n<br><strong>Yanella Cordera<\/strong>: Coros<br><strong>Stella C\u00e9spedes<\/strong>: Coros<br><strong>Javier \u2018Turco\u2019 Mokdad<\/strong>: Percusi\u00f3n<br><strong>Jos\u00e9 Mar\u00eda Oreggioni<\/strong>: Bajo<br><strong>Pepe C\u00e9pedes<\/strong>: Bajo (\u201cLa del Toro\u201d)<br><strong>Leandro Perdomo<\/strong>: Coros y Guitarra el\u00e9ctrica<br><strong>Bruno Manieri<\/strong>: Coros<br><strong>Guillermo Manieri<\/strong>: Coros<br><strong>Emiliano P\u00e9rez Saavedra<\/strong>: Bater\u00eda<br><strong>Benicio Predacino<\/strong>: Percusi\u00f3n<\/p>\n\n\n\n<p class=\"has-text-align-left\">Producci\u00f3n art\u00edstica: Marcelo Predacino y Gustavo Cordera<br>Coproducido por Nicol\u00e1s Guerrieri y Diego Ortells<br>Grabado, Mezclado y Masterizado por Nicol\u00e1s Guerrieri en Preda Sound<br>Asistente de grabaci\u00f3n: Bruno Manieri<br>Productor asociado: Guillermo Manieri<\/p>\n","protected":false},"excerpt":{"rendered":"","protected":false},"author":5,"featured_media":9886,"comment_status":"open","ping_status":"open","sticky":false,"template":"","format":"standard","meta":{"om_disable_all_campaigns":false,"_uf_show_specific_survey":0,"_uf_disable_surveys":false,"footnotes":""},"categories":[4],"tags":[],"class_list":["post-9885","post","type-post","status-publish","format-standard","has-post-thumbnail","hentry","category-musica"],"_links":{"self":[{"href":"https:\/\/entrenotasyacordes.com\/index.php?rest_route=\/wp\/v2\/posts\/9885","targetHints":{"allow":["GET"]}}],"collection":[{"href":"https:\/\/entrenotasyacordes.com\/index.php?rest_route=\/wp\/v2\/posts"}],"about":[{"href":"https:\/\/entrenotasyacordes.com\/index.php?rest_route=\/wp\/v2\/types\/post"}],"author":[{"embeddable":true,"href":"https:\/\/entrenotasyacordes.com\/index.php?rest_route=\/wp\/v2\/users\/5"}],"replies":[{"embeddable":true,"href":"https:\/\/entrenotasyacordes.com\/index.php?rest_route=%2Fwp%2Fv2%2Fcomments&post=9885"}],"version-history":[{"count":1,"href":"https:\/\/entrenotasyacordes.com\/index.php?rest_route=\/wp\/v2\/posts\/9885\/revisions"}],"predecessor-version":[{"id":9887,"href":"https:\/\/entrenotasyacordes.com\/index.php?rest_route=\/wp\/v2\/posts\/9885\/revisions\/9887"}],"wp:featuredmedia":[{"embeddable":true,"href":"https:\/\/entrenotasyacordes.com\/index.php?rest_route=\/wp\/v2\/media\/9886"}],"wp:attachment":[{"href":"https:\/\/entrenotasyacordes.com\/index.php?rest_route=%2Fwp%2Fv2%2Fmedia&parent=9885"}],"wp:term":[{"taxonomy":"category","embeddable":true,"href":"https:\/\/entrenotasyacordes.com\/index.php?rest_route=%2Fwp%2Fv2%2Fcategories&post=9885"},{"taxonomy":"post_tag","embeddable":true,"href":"https:\/\/entrenotasyacordes.com\/index.php?rest_route=%2Fwp%2Fv2%2Ftags&post=9885"}],"curies":[{"name":"wp","href":"https:\/\/api.w.org\/{rel}","templated":true}]}}